{"id":99246,"date":"2021-08-24T08:30:16","date_gmt":"2021-08-24T11:30:16","guid":{"rendered":"https:\/\/acs.org.br\/antigo\/?p=99246"},"modified":"2021-08-24T08:30:16","modified_gmt":"2021-08-24T11:30:16","slug":"porto-diario-oficial-da-uniao-publica-exoneracao-de-diretor-da-antt","status":"publish","type":"post","link":"https:\/\/acs.org.br\/academy\/porto-diario-oficial-da-uniao-publica-exoneracao-de-diretor-da-antt\/","title":{"rendered":"PORTO:\u00a0 Di\u00e1rio Oficial da Uni\u00e3o publica exonera\u00e7\u00e3o de diretor da ANTT"},"content":{"rendered":"<p>Fonte: A Tribuna<\/p>\n<p>O Di\u00e1rio Oficial da Uni\u00e3o de ontem publicou a exonera\u00e7\u00e3o de Alexandre Porto Mendes de Souza, do cargo de diretor da Ag\u00eancia Nacional de Transportes Terrestres (ANTT), \u201cem virtude ren\u00fancia\u201d<\/p>\n<p><a href=\"https:\/\/acs.org.br\/antigo\/wp-content\/uploads\/2021\/08\/PORTO2408_02.pdf\">LEIA MAIS&#8230;<\/a><\/p>\n","protected":false},"excerpt":{"rendered":"<p>Fonte: A Tribuna O Di\u00e1rio Oficial da Uni\u00e3o de ontem publicou a exonera\u00e7\u00e3o de Alexandre Porto Mendes de Souza, do cargo de diretor da Ag\u00eancia Nacional de Transportes Terrestres (ANTT), \u201cem virtude ren\u00fancia\u201d LEIA MAIS&#8230;<\/p>\n","protected":false},"author":2,"featured_media":0,"comment_status":"open","ping_status":"open","sticky":false,"template":"","format":"standard","meta":{"footnotes":""},"categories":[105],"tags":[],"_links":{"self":[{"href":"https:\/\/acs.org.br\/academy\/wp-json\/wp\/v2\/posts\/99246"}],"collection":[{"href":"https:\/\/acs.org.br\/academy\/wp-json\/wp\/v2\/posts"}],"about":[{"href":"https:\/\/acs.org.br\/academy\/wp-json\/wp\/v2\/types\/post"}],"author":[{"embeddable":true,"href":"https:\/\/acs.org.br\/academy\/wp-json\/wp\/v2\/users\/2"}],"replies":[{"embeddable":true,"href":"https:\/\/acs.org.br\/academy\/wp-json\/wp\/v2\/comments?post=99246"}],"version-history":[{"count":1,"href":"https:\/\/acs.org.br\/academy\/wp-json\/wp\/v2\/posts\/99246\/revisions"}],"predecessor-version":[{"id":99248,"href":"https:\/\/acs.org.br\/academy\/wp-json\/wp\/v2\/posts\/99246\/revisions\/99248"}],"wp:attachment":[{"href":"https:\/\/acs.org.br\/academy\/wp-json\/wp\/v2\/media?parent=99246"}],"wp:term":[{"taxonomy":"category","embeddable":true,"href":"https:\/\/acs.org.br\/academy\/wp-json\/wp\/v2\/categories?post=99246"},{"taxonomy":"post_tag","embeddable":true,"href":"https:\/\/acs.org.br\/academy\/wp-json\/wp\/v2\/tags?post=99246"}],"curies":[{"name":"wp","href":"https:\/\/api.w.org\/{rel}","templated":true}]}}