{"id":99243,"date":"2021-08-24T08:29:26","date_gmt":"2021-08-24T11:29:26","guid":{"rendered":"https:\/\/acs.org.br\/antigo\/?p=99243"},"modified":"2021-08-24T08:29:26","modified_gmt":"2021-08-24T11:29:26","slug":"porto-tripulante-de-navio-morre-de-covid-19","status":"publish","type":"post","link":"https:\/\/acs.org.br\/academy\/porto-tripulante-de-navio-morre-de-covid-19\/","title":{"rendered":"PORTO: Tripulante de navio morre de covid-19"},"content":{"rendered":"<p>Fonte: A Tribuna<\/p>\n<p>A Ag\u00eancia Nacional de Vigil\u00e2ncia Sanit\u00e1ria (Anvisa) confirmou, ontem, que um dos dois tripulantes com covid-19 que desembarcaram de navio fundeado no Porto de Santos morreu por conta da doen\u00e7a<\/p>\n<p><a href=\"https:\/\/acs.org.br\/antigo\/wp-content\/uploads\/2021\/08\/PORTO2408_01.pdf\">LEIA MAIS&#8230;<\/a><\/p>\n","protected":false},"excerpt":{"rendered":"<p>Fonte: A Tribuna A Ag\u00eancia Nacional de Vigil\u00e2ncia Sanit\u00e1ria (Anvisa) confirmou, ontem, que um dos dois tripulantes com covid-19 que desembarcaram de navio fundeado no Porto de Santos morreu por conta da doen\u00e7a LEIA MAIS&#8230;<\/p>\n","protected":false},"author":2,"featured_media":0,"comment_status":"open","ping_status":"open","sticky":false,"template":"","format":"standard","meta":{"footnotes":""},"categories":[105],"tags":[],"_links":{"self":[{"href":"https:\/\/acs.org.br\/academy\/wp-json\/wp\/v2\/posts\/99243"}],"collection":[{"href":"https:\/\/acs.org.br\/academy\/wp-json\/wp\/v2\/posts"}],"about":[{"href":"https:\/\/acs.org.br\/academy\/wp-json\/wp\/v2\/types\/post"}],"author":[{"embeddable":true,"href":"https:\/\/acs.org.br\/academy\/wp-json\/wp\/v2\/users\/2"}],"replies":[{"embeddable":true,"href":"https:\/\/acs.org.br\/academy\/wp-json\/wp\/v2\/comments?post=99243"}],"version-history":[{"count":1,"href":"https:\/\/acs.org.br\/academy\/wp-json\/wp\/v2\/posts\/99243\/revisions"}],"predecessor-version":[{"id":99245,"href":"https:\/\/acs.org.br\/academy\/wp-json\/wp\/v2\/posts\/99243\/revisions\/99245"}],"wp:attachment":[{"href":"https:\/\/acs.org.br\/academy\/wp-json\/wp\/v2\/media?parent=99243"}],"wp:term":[{"taxonomy":"category","embeddable":true,"href":"https:\/\/acs.org.br\/academy\/wp-json\/wp\/v2\/categories?post=99243"},{"taxonomy":"post_tag","embeddable":true,"href":"https:\/\/acs.org.br\/academy\/wp-json\/wp\/v2\/tags?post=99243"}],"curies":[{"name":"wp","href":"https:\/\/api.w.org\/{rel}","templated":true}]}}