{"id":99236,"date":"2021-08-23T10:23:58","date_gmt":"2021-08-23T13:23:58","guid":{"rendered":"https:\/\/acs.org.br\/antigo\/?p=99236"},"modified":"2021-08-23T10:23:59","modified_gmt":"2021-08-23T13:23:59","slug":"navegacao-cni-e-empresas-apresentam-a-governo-agenda-para-reduzir-custo-do-transporte-maritimo-internacional","status":"publish","type":"post","link":"https:\/\/acs.org.br\/academy\/navegacao-cni-e-empresas-apresentam-a-governo-agenda-para-reduzir-custo-do-transporte-maritimo-internacional\/","title":{"rendered":"NAVEGA\u00c7\u00c3O: CNI e empresas apresentam a governo agenda para reduzir custo do transporte mar\u00edtimo internacional"},"content":{"rendered":"<p>Fonte: Informativo Portu\u00e1rio<\/p>\n<p>O setor produtivo brasileiro est\u00e1 sendo duramente impactado com os efeitos da crise no com\u00e9rcio internacional, que se iniciou com a pandemia de Covid-19, mas vem se agravando mesmo com os avan\u00e7os na conten\u00e7\u00e3o do v\u00edrus pelo mundo.<\/p>\n<p><a href=\"https:\/\/www.informativodosportos.com.br\/cni-e-empresas-apresentam-a-governo-agenda-para-reduzir-custo-do-transporte-maritimo-internacional\/\">LEIA MAIS&#8230;<\/a><\/p>\n","protected":false},"excerpt":{"rendered":"<p>Fonte: Informativo Portu\u00e1rio O setor produtivo brasileiro est\u00e1 sendo duramente impactado com os efeitos da crise no com\u00e9rcio internacional, que se iniciou com a pandemia de Covid-19, mas vem se agravando mesmo com os avan\u00e7os na conten\u00e7\u00e3o do v\u00edrus pelo mundo. LEIA MAIS&#8230;<\/p>\n","protected":false},"author":3,"featured_media":99237,"comment_status":"open","ping_status":"open","sticky":false,"template":"","format":"standard","meta":{"footnotes":""},"categories":[105],"tags":[],"_links":{"self":[{"href":"https:\/\/acs.org.br\/academy\/wp-json\/wp\/v2\/posts\/99236"}],"collection":[{"href":"https:\/\/acs.org.br\/academy\/wp-json\/wp\/v2\/posts"}],"about":[{"href":"https:\/\/acs.org.br\/academy\/wp-json\/wp\/v2\/types\/post"}],"author":[{"embeddable":true,"href":"https:\/\/acs.org.br\/academy\/wp-json\/wp\/v2\/users\/3"}],"replies":[{"embeddable":true,"href":"https:\/\/acs.org.br\/academy\/wp-json\/wp\/v2\/comments?post=99236"}],"version-history":[{"count":1,"href":"https:\/\/acs.org.br\/academy\/wp-json\/wp\/v2\/posts\/99236\/revisions"}],"predecessor-version":[{"id":99238,"href":"https:\/\/acs.org.br\/academy\/wp-json\/wp\/v2\/posts\/99236\/revisions\/99238"}],"wp:featuredmedia":[{"embeddable":true,"href":"https:\/\/acs.org.br\/academy\/wp-json\/wp\/v2\/media\/99237"}],"wp:attachment":[{"href":"https:\/\/acs.org.br\/academy\/wp-json\/wp\/v2\/media?parent=99236"}],"wp:term":[{"taxonomy":"category","embeddable":true,"href":"https:\/\/acs.org.br\/academy\/wp-json\/wp\/v2\/categories?post=99236"},{"taxonomy":"post_tag","embeddable":true,"href":"https:\/\/acs.org.br\/academy\/wp-json\/wp\/v2\/tags?post=99236"}],"curies":[{"name":"wp","href":"https:\/\/api.w.org\/{rel}","templated":true}]}}