{"id":99234,"date":"2021-08-23T10:17:59","date_gmt":"2021-08-23T13:17:59","guid":{"rendered":"https:\/\/acs.org.br\/antigo\/?p=99234"},"modified":"2021-08-23T10:17:59","modified_gmt":"2021-08-23T13:17:59","slug":"atualidades-defesa-civil-alerta-para-risco-de-incendio-na-baixada-santista-devido-ao-calor","status":"publish","type":"post","link":"https:\/\/acs.org.br\/academy\/atualidades-defesa-civil-alerta-para-risco-de-incendio-na-baixada-santista-devido-ao-calor\/","title":{"rendered":"ATUALIDADES: Defesa Civil alerta para risco de inc\u00eandio na Baixada Santista devido ao calor"},"content":{"rendered":"<p>Fonte: Santa Portal<\/p>\n<p>A Defesa Civil do Estado informa que entre hoje, segunda-feira (23), e quinta-feira (26), as temperaturas tendem a subir gradativamente, com momentos de calor intenso em todo o Estado de S\u00e3o Paulo, com destaque para as regi\u00f5es Metropolitana de: S\u00e3o Paulo, Baixada Santista, Campinas, Franca, Itapeva, Sorocaba e Vale do Para\u00edba, onde as m\u00e1ximas poder\u00e3o chegar a 35\u00ba C.<\/p>\n<p><a href=\"https:\/\/santaportal.com.br\/baixada\/risco-incendio-baixada-santista-calor\/\">LEIA MAIS&#8230;<\/a><\/p>\n","protected":false},"excerpt":{"rendered":"<p>Fonte: Santa Portal A Defesa Civil do Estado informa que entre hoje, segunda-feira (23), e quinta-feira (26), as temperaturas tendem a subir gradativamente, com momentos de calor intenso em todo o Estado de S\u00e3o Paulo, com destaque para as regi\u00f5es Metropolitana de: S\u00e3o Paulo, Baixada Santista, Campinas, Franca, Itapeva, Sorocaba e Vale do Para\u00edba, onde [&hellip;]<\/p>\n","protected":false},"author":3,"featured_media":0,"comment_status":"open","ping_status":"open","sticky":false,"template":"","format":"standard","meta":{"footnotes":""},"categories":[105],"tags":[],"_links":{"self":[{"href":"https:\/\/acs.org.br\/academy\/wp-json\/wp\/v2\/posts\/99234"}],"collection":[{"href":"https:\/\/acs.org.br\/academy\/wp-json\/wp\/v2\/posts"}],"about":[{"href":"https:\/\/acs.org.br\/academy\/wp-json\/wp\/v2\/types\/post"}],"author":[{"embeddable":true,"href":"https:\/\/acs.org.br\/academy\/wp-json\/wp\/v2\/users\/3"}],"replies":[{"embeddable":true,"href":"https:\/\/acs.org.br\/academy\/wp-json\/wp\/v2\/comments?post=99234"}],"version-history":[{"count":1,"href":"https:\/\/acs.org.br\/academy\/wp-json\/wp\/v2\/posts\/99234\/revisions"}],"predecessor-version":[{"id":99235,"href":"https:\/\/acs.org.br\/academy\/wp-json\/wp\/v2\/posts\/99234\/revisions\/99235"}],"wp:attachment":[{"href":"https:\/\/acs.org.br\/academy\/wp-json\/wp\/v2\/media?parent=99234"}],"wp:term":[{"taxonomy":"category","embeddable":true,"href":"https:\/\/acs.org.br\/academy\/wp-json\/wp\/v2\/categories?post=99234"},{"taxonomy":"post_tag","embeddable":true,"href":"https:\/\/acs.org.br\/academy\/wp-json\/wp\/v2\/tags?post=99234"}],"curies":[{"name":"wp","href":"https:\/\/api.w.org\/{rel}","templated":true}]}}