{"id":99229,"date":"2021-08-23T10:12:38","date_gmt":"2021-08-23T13:12:38","guid":{"rendered":"https:\/\/acs.org.br\/antigo\/?p=99229"},"modified":"2021-08-23T10:12:38","modified_gmt":"2021-08-23T13:12:38","slug":"porto-santos-export-comeca-nesta-segunda-com-quase-24h-de-programacao","status":"publish","type":"post","link":"https:\/\/acs.org.br\/academy\/porto-santos-export-comeca-nesta-segunda-com-quase-24h-de-programacao\/","title":{"rendered":"PORTO: Santos Export come\u00e7a nesta segunda com quase 24h de programa\u00e7\u00e3o"},"content":{"rendered":"<p>Fonte: Santa Portal<\/p>\n<p>O Santos Export 2021 tem in\u00edcio nesta segunda-feira (23), a partir das 8h, no Sofitel Guaruj\u00e1 Jequitimar. Considerado o principal evento do setor portu\u00e1rio na regi\u00e3o, o Santos Export contar\u00e1 com dois dias cheios de palestras.<\/p>\n<p><a href=\"https:\/\/santaportal.com.br\/porto-e-negocios\/santos-export-programacao-2021\/\">LEIA MAIS&#8230;<\/a><\/p>\n","protected":false},"excerpt":{"rendered":"<p>Fonte: Santa Portal O Santos Export 2021 tem in\u00edcio nesta segunda-feira (23), a partir das 8h, no Sofitel Guaruj\u00e1 Jequitimar. Considerado o principal evento do setor portu\u00e1rio na regi\u00e3o, o Santos Export contar\u00e1 com dois dias cheios de palestras. LEIA MAIS&#8230;<\/p>\n","protected":false},"author":3,"featured_media":0,"comment_status":"open","ping_status":"open","sticky":false,"template":"","format":"standard","meta":{"footnotes":""},"categories":[105],"tags":[],"_links":{"self":[{"href":"https:\/\/acs.org.br\/academy\/wp-json\/wp\/v2\/posts\/99229"}],"collection":[{"href":"https:\/\/acs.org.br\/academy\/wp-json\/wp\/v2\/posts"}],"about":[{"href":"https:\/\/acs.org.br\/academy\/wp-json\/wp\/v2\/types\/post"}],"author":[{"embeddable":true,"href":"https:\/\/acs.org.br\/academy\/wp-json\/wp\/v2\/users\/3"}],"replies":[{"embeddable":true,"href":"https:\/\/acs.org.br\/academy\/wp-json\/wp\/v2\/comments?post=99229"}],"version-history":[{"count":1,"href":"https:\/\/acs.org.br\/academy\/wp-json\/wp\/v2\/posts\/99229\/revisions"}],"predecessor-version":[{"id":99230,"href":"https:\/\/acs.org.br\/academy\/wp-json\/wp\/v2\/posts\/99229\/revisions\/99230"}],"wp:attachment":[{"href":"https:\/\/acs.org.br\/academy\/wp-json\/wp\/v2\/media?parent=99229"}],"wp:term":[{"taxonomy":"category","embeddable":true,"href":"https:\/\/acs.org.br\/academy\/wp-json\/wp\/v2\/categories?post=99229"},{"taxonomy":"post_tag","embeddable":true,"href":"https:\/\/acs.org.br\/academy\/wp-json\/wp\/v2\/tags?post=99229"}],"curies":[{"name":"wp","href":"https:\/\/api.w.org\/{rel}","templated":true}]}}