{"id":99219,"date":"2021-08-23T09:31:43","date_gmt":"2021-08-23T12:31:43","guid":{"rendered":"https:\/\/acs.org.br\/antigo\/?p=99219"},"modified":"2021-08-23T10:47:27","modified_gmt":"2021-08-23T13:47:27","slug":"atualidades-baixada-santista-esta-longe-de-sofrer-com-desabastecimento-de-agua-diz-sabesp","status":"publish","type":"post","link":"https:\/\/acs.org.br\/academy\/atualidades-baixada-santista-esta-longe-de-sofrer-com-desabastecimento-de-agua-diz-sabesp\/","title":{"rendered":"ATUALIDADES: Baixada Santista est\u00e1 longe de sofrer com desabastecimento de \u00e1gua, diz Sabesp"},"content":{"rendered":"<p>Fonte: A Tribuna online<\/p>\n<p>A Baixada Santista est\u00e1 longe de sofrer com o desabastecimento de \u00e1gua, afirma a Sabesp. Embora a falta de chuvas comprometa alguns reservat\u00f3rios de \u00e1gua no Estado de S\u00e3o Paulo \u2013 como o Sistema Cantareira, sob alerta e operando com 38,7% da capacidade \u2013, na regi\u00e3o a obten\u00e7\u00e3o da \u00e1gua \u00e9 diferente, por meio de 26 mananciais.<\/p>\n<p><a href=\"https:\/\/acs.org.br\/antigo\/wp-content\/uploads\/2021\/08\/SABESP-23.pdf\">LEIA MAIS&#8230;<\/a><\/p>\n","protected":false},"excerpt":{"rendered":"<p>Fonte: A Tribuna online A Baixada Santista est\u00e1 longe de sofrer com o desabastecimento de \u00e1gua, afirma a Sabesp. Embora a falta de chuvas comprometa alguns reservat\u00f3rios de \u00e1gua no Estado de S\u00e3o Paulo \u2013 como o Sistema Cantareira, sob alerta e operando com 38,7% da capacidade \u2013, na regi\u00e3o a obten\u00e7\u00e3o da \u00e1gua \u00e9 [&hellip;]<\/p>\n","protected":false},"author":3,"featured_media":99239,"comment_status":"open","ping_status":"open","sticky":false,"template":"","format":"standard","meta":{"footnotes":""},"categories":[105],"tags":[],"_links":{"self":[{"href":"https:\/\/acs.org.br\/academy\/wp-json\/wp\/v2\/posts\/99219"}],"collection":[{"href":"https:\/\/acs.org.br\/academy\/wp-json\/wp\/v2\/posts"}],"about":[{"href":"https:\/\/acs.org.br\/academy\/wp-json\/wp\/v2\/types\/post"}],"author":[{"embeddable":true,"href":"https:\/\/acs.org.br\/academy\/wp-json\/wp\/v2\/users\/3"}],"replies":[{"embeddable":true,"href":"https:\/\/acs.org.br\/academy\/wp-json\/wp\/v2\/comments?post=99219"}],"version-history":[{"count":1,"href":"https:\/\/acs.org.br\/academy\/wp-json\/wp\/v2\/posts\/99219\/revisions"}],"predecessor-version":[{"id":99221,"href":"https:\/\/acs.org.br\/academy\/wp-json\/wp\/v2\/posts\/99219\/revisions\/99221"}],"wp:featuredmedia":[{"embeddable":true,"href":"https:\/\/acs.org.br\/academy\/wp-json\/wp\/v2\/media\/99239"}],"wp:attachment":[{"href":"https:\/\/acs.org.br\/academy\/wp-json\/wp\/v2\/media?parent=99219"}],"wp:term":[{"taxonomy":"category","embeddable":true,"href":"https:\/\/acs.org.br\/academy\/wp-json\/wp\/v2\/categories?post=99219"},{"taxonomy":"post_tag","embeddable":true,"href":"https:\/\/acs.org.br\/academy\/wp-json\/wp\/v2\/tags?post=99219"}],"curies":[{"name":"wp","href":"https:\/\/api.w.org\/{rel}","templated":true}]}}