{"id":99200,"date":"2021-08-23T08:49:28","date_gmt":"2021-08-23T11:49:28","guid":{"rendered":"https:\/\/acs.org.br\/antigo\/?p=99200"},"modified":"2021-08-23T08:49:28","modified_gmt":"2021-08-23T11:49:28","slug":"atualidades-perfil-regional-muda-em-25-anos","status":"publish","type":"post","link":"https:\/\/acs.org.br\/academy\/atualidades-perfil-regional-muda-em-25-anos\/","title":{"rendered":"ATUALIDADES: Perfil regional muda em 25 anos"},"content":{"rendered":"<p>Fonte: A Tribuna<\/p>\n<p>A mudan\u00e7a expressiva do perfil populacional da Baixada Santista nos \u00faltimos 25 anos, tempo que marca a cria\u00e7\u00e3o e a consolida\u00e7\u00e3o da regi\u00e3o metropolitana, alterou o conjunto de demandas econ\u00f4micas e sociais e imp\u00f4s uma nova conjuntura regional<\/p>\n<p><a href=\"https:\/\/acs.org.br\/antigo\/wp-content\/uploads\/2021\/08\/PERFIL220821.pdf\">LEIA MAIS&#8230;<\/a><\/p>\n","protected":false},"excerpt":{"rendered":"<p>Fonte: A Tribuna A mudan\u00e7a expressiva do perfil populacional da Baixada Santista nos \u00faltimos 25 anos, tempo que marca a cria\u00e7\u00e3o e a consolida\u00e7\u00e3o da regi\u00e3o metropolitana, alterou o conjunto de demandas econ\u00f4micas e sociais e imp\u00f4s uma nova conjuntura regional LEIA MAIS&#8230;<\/p>\n","protected":false},"author":2,"featured_media":0,"comment_status":"open","ping_status":"open","sticky":false,"template":"","format":"standard","meta":{"footnotes":""},"categories":[105],"tags":[],"_links":{"self":[{"href":"https:\/\/acs.org.br\/academy\/wp-json\/wp\/v2\/posts\/99200"}],"collection":[{"href":"https:\/\/acs.org.br\/academy\/wp-json\/wp\/v2\/posts"}],"about":[{"href":"https:\/\/acs.org.br\/academy\/wp-json\/wp\/v2\/types\/post"}],"author":[{"embeddable":true,"href":"https:\/\/acs.org.br\/academy\/wp-json\/wp\/v2\/users\/2"}],"replies":[{"embeddable":true,"href":"https:\/\/acs.org.br\/academy\/wp-json\/wp\/v2\/comments?post=99200"}],"version-history":[{"count":1,"href":"https:\/\/acs.org.br\/academy\/wp-json\/wp\/v2\/posts\/99200\/revisions"}],"predecessor-version":[{"id":99203,"href":"https:\/\/acs.org.br\/academy\/wp-json\/wp\/v2\/posts\/99200\/revisions\/99203"}],"wp:attachment":[{"href":"https:\/\/acs.org.br\/academy\/wp-json\/wp\/v2\/media?parent=99200"}],"wp:term":[{"taxonomy":"category","embeddable":true,"href":"https:\/\/acs.org.br\/academy\/wp-json\/wp\/v2\/categories?post=99200"},{"taxonomy":"post_tag","embeddable":true,"href":"https:\/\/acs.org.br\/academy\/wp-json\/wp\/v2\/tags?post=99200"}],"curies":[{"name":"wp","href":"https:\/\/api.w.org\/{rel}","templated":true}]}}