{"id":99194,"date":"2021-08-23T08:45:52","date_gmt":"2021-08-23T11:45:52","guid":{"rendered":"https:\/\/acs.org.br\/antigo\/?p=99194"},"modified":"2021-08-23T08:45:52","modified_gmt":"2021-08-23T11:45:52","slug":"porto-cade-defende-ajustes-na-br-do-mar","status":"publish","type":"post","link":"https:\/\/acs.org.br\/academy\/porto-cade-defende-ajustes-na-br-do-mar\/","title":{"rendered":"PORTO: Cade defende ajustes na BR do Mar"},"content":{"rendered":"<p>Fonte: A Tribuna<\/p>\n<p>O Conselho Administrativo de Defesa Econ\u00f4mica (Cade) refor\u00e7ou ontem as sugest\u00f5es de ajuste ao texto do programa de incentivo \u00e0 navega\u00e7\u00e3o de cabotagem, atualmente em discuss\u00e3o no Senado<\/p>\n<p><a href=\"https:\/\/acs.org.br\/antigo\/wp-content\/uploads\/2021\/08\/PORTO2308_01.pdf\">LEIA MAIS&#8230;<\/a><\/p>\n<p>&nbsp;<\/p>\n","protected":false},"excerpt":{"rendered":"<p>Fonte: A Tribuna O Conselho Administrativo de Defesa Econ\u00f4mica (Cade) refor\u00e7ou ontem as sugest\u00f5es de ajuste ao texto do programa de incentivo \u00e0 navega\u00e7\u00e3o de cabotagem, atualmente em discuss\u00e3o no Senado LEIA MAIS&#8230; &nbsp;<\/p>\n","protected":false},"author":2,"featured_media":0,"comment_status":"open","ping_status":"open","sticky":false,"template":"","format":"standard","meta":{"footnotes":""},"categories":[105],"tags":[],"_links":{"self":[{"href":"https:\/\/acs.org.br\/academy\/wp-json\/wp\/v2\/posts\/99194"}],"collection":[{"href":"https:\/\/acs.org.br\/academy\/wp-json\/wp\/v2\/posts"}],"about":[{"href":"https:\/\/acs.org.br\/academy\/wp-json\/wp\/v2\/types\/post"}],"author":[{"embeddable":true,"href":"https:\/\/acs.org.br\/academy\/wp-json\/wp\/v2\/users\/2"}],"replies":[{"embeddable":true,"href":"https:\/\/acs.org.br\/academy\/wp-json\/wp\/v2\/comments?post=99194"}],"version-history":[{"count":1,"href":"https:\/\/acs.org.br\/academy\/wp-json\/wp\/v2\/posts\/99194\/revisions"}],"predecessor-version":[{"id":99197,"href":"https:\/\/acs.org.br\/academy\/wp-json\/wp\/v2\/posts\/99194\/revisions\/99197"}],"wp:attachment":[{"href":"https:\/\/acs.org.br\/academy\/wp-json\/wp\/v2\/media?parent=99194"}],"wp:term":[{"taxonomy":"category","embeddable":true,"href":"https:\/\/acs.org.br\/academy\/wp-json\/wp\/v2\/categories?post=99194"},{"taxonomy":"post_tag","embeddable":true,"href":"https:\/\/acs.org.br\/academy\/wp-json\/wp\/v2\/tags?post=99194"}],"curies":[{"name":"wp","href":"https:\/\/api.w.org\/{rel}","templated":true}]}}