{"id":99183,"date":"2021-08-20T10:48:55","date_gmt":"2021-08-20T13:48:55","guid":{"rendered":"https:\/\/acs.org.br\/antigo\/?p=99183"},"modified":"2021-08-20T10:51:47","modified_gmt":"2021-08-20T13:51:47","slug":"porto-plenario-do-senado-vai-debater-navegacao-de-cabotagem","status":"publish","type":"post","link":"https:\/\/acs.org.br\/academy\/porto-plenario-do-senado-vai-debater-navegacao-de-cabotagem\/","title":{"rendered":"NAVEGA\u00c7\u00c3O: Plen\u00e1rio do Senado vai debater navega\u00e7\u00e3o de cabotagem"},"content":{"rendered":"<p>Fonte: Ag\u00eancia Porto<\/p>\n<p>O Senado vai realizar uma sess\u00e3o tem\u00e1tica de debate sobre o PL 4.199\/2020, do Poder Executivo, que institui o Programa de Est\u00edmulo ao Transporte por Cabotagem (BR do Mar). A reuni\u00e3o foi pedida pelo senador Nelsinho Trad (PSD-MS) e est\u00e1 marcada para sexta-feira (20), \u00e0s 14 horas.<\/p>\n<p><a href=\"http:\/\/agenciaporto.com\/plenario-do-senado-vai-debater-navegacao-de-cabotagem\/\">LEIA MAIS&#8230;<\/a><\/p>\n<p>&nbsp;<\/p>\n","protected":false},"excerpt":{"rendered":"<p>Fonte: Ag\u00eancia Porto O Senado vai realizar uma sess\u00e3o tem\u00e1tica de debate sobre o PL 4.199\/2020, do Poder Executivo, que institui o Programa de Est\u00edmulo ao Transporte por Cabotagem (BR do Mar). A reuni\u00e3o foi pedida pelo senador Nelsinho Trad (PSD-MS) e est\u00e1 marcada para sexta-feira (20), \u00e0s 14 horas. LEIA MAIS&#8230; &nbsp;<\/p>\n","protected":false},"author":3,"featured_media":0,"comment_status":"open","ping_status":"open","sticky":false,"template":"","format":"standard","meta":{"footnotes":""},"categories":[105],"tags":[],"_links":{"self":[{"href":"https:\/\/acs.org.br\/academy\/wp-json\/wp\/v2\/posts\/99183"}],"collection":[{"href":"https:\/\/acs.org.br\/academy\/wp-json\/wp\/v2\/posts"}],"about":[{"href":"https:\/\/acs.org.br\/academy\/wp-json\/wp\/v2\/types\/post"}],"author":[{"embeddable":true,"href":"https:\/\/acs.org.br\/academy\/wp-json\/wp\/v2\/users\/3"}],"replies":[{"embeddable":true,"href":"https:\/\/acs.org.br\/academy\/wp-json\/wp\/v2\/comments?post=99183"}],"version-history":[{"count":2,"href":"https:\/\/acs.org.br\/academy\/wp-json\/wp\/v2\/posts\/99183\/revisions"}],"predecessor-version":[{"id":99187,"href":"https:\/\/acs.org.br\/academy\/wp-json\/wp\/v2\/posts\/99183\/revisions\/99187"}],"wp:attachment":[{"href":"https:\/\/acs.org.br\/academy\/wp-json\/wp\/v2\/media?parent=99183"}],"wp:term":[{"taxonomy":"category","embeddable":true,"href":"https:\/\/acs.org.br\/academy\/wp-json\/wp\/v2\/categories?post=99183"},{"taxonomy":"post_tag","embeddable":true,"href":"https:\/\/acs.org.br\/academy\/wp-json\/wp\/v2\/tags?post=99183"}],"curies":[{"name":"wp","href":"https:\/\/api.w.org\/{rel}","templated":true}]}}