{"id":99177,"date":"2021-08-20T10:24:10","date_gmt":"2021-08-20T13:24:10","guid":{"rendered":"https:\/\/acs.org.br\/antigo\/?p=99177"},"modified":"2021-08-20T10:24:10","modified_gmt":"2021-08-20T13:24:10","slug":"saude-santos-inicia-vacinacao-de-pessoas-a-partir-de-12-anos-com-comorbidades-nesta-sexta","status":"publish","type":"post","link":"https:\/\/acs.org.br\/academy\/saude-santos-inicia-vacinacao-de-pessoas-a-partir-de-12-anos-com-comorbidades-nesta-sexta\/","title":{"rendered":"SA\u00daDE: Santos inicia vacina\u00e7\u00e3o de pessoas a partir de 12 anos com comorbidades nesta sexta"},"content":{"rendered":"<p>Fonte: G1 Santos<\/p>\n<p>Santos, no litoral de S\u00e3o Paulo, inicia nesta sexta-feira (20) a vacina\u00e7\u00e3o contra a Covid-19 dos moradores a partir de 12 anos com comorbidades (doen\u00e7as associadas), defici\u00eancias, gestantes e pu\u00e9rperas (m\u00e3es que tiveram filho at\u00e9 45 dias).<\/p>\n<p><a href=\"https:\/\/g1.globo.com\/sp\/santos-regiao\/mais-saude\/noticia\/2021\/08\/19\/santos-inicia-vacinacao-de-pessoas-a-partir-de-12-anos-com-comorbidades-nesta-sexta.ghtml\">LEIA MAIS&#8230;<\/a><\/p>\n","protected":false},"excerpt":{"rendered":"<p>Fonte: G1 Santos Santos, no litoral de S\u00e3o Paulo, inicia nesta sexta-feira (20) a vacina\u00e7\u00e3o contra a Covid-19 dos moradores a partir de 12 anos com comorbidades (doen\u00e7as associadas), defici\u00eancias, gestantes e pu\u00e9rperas (m\u00e3es que tiveram filho at\u00e9 45 dias). LEIA MAIS&#8230;<\/p>\n","protected":false},"author":3,"featured_media":0,"comment_status":"open","ping_status":"open","sticky":false,"template":"","format":"standard","meta":{"footnotes":""},"categories":[105],"tags":[],"_links":{"self":[{"href":"https:\/\/acs.org.br\/academy\/wp-json\/wp\/v2\/posts\/99177"}],"collection":[{"href":"https:\/\/acs.org.br\/academy\/wp-json\/wp\/v2\/posts"}],"about":[{"href":"https:\/\/acs.org.br\/academy\/wp-json\/wp\/v2\/types\/post"}],"author":[{"embeddable":true,"href":"https:\/\/acs.org.br\/academy\/wp-json\/wp\/v2\/users\/3"}],"replies":[{"embeddable":true,"href":"https:\/\/acs.org.br\/academy\/wp-json\/wp\/v2\/comments?post=99177"}],"version-history":[{"count":1,"href":"https:\/\/acs.org.br\/academy\/wp-json\/wp\/v2\/posts\/99177\/revisions"}],"predecessor-version":[{"id":99178,"href":"https:\/\/acs.org.br\/academy\/wp-json\/wp\/v2\/posts\/99177\/revisions\/99178"}],"wp:attachment":[{"href":"https:\/\/acs.org.br\/academy\/wp-json\/wp\/v2\/media?parent=99177"}],"wp:term":[{"taxonomy":"category","embeddable":true,"href":"https:\/\/acs.org.br\/academy\/wp-json\/wp\/v2\/categories?post=99177"},{"taxonomy":"post_tag","embeddable":true,"href":"https:\/\/acs.org.br\/academy\/wp-json\/wp\/v2\/tags?post=99177"}],"curies":[{"name":"wp","href":"https:\/\/api.w.org\/{rel}","templated":true}]}}