{"id":99169,"date":"2021-08-20T10:09:06","date_gmt":"2021-08-20T13:09:06","guid":{"rendered":"https:\/\/acs.org.br\/antigo\/?p=99169"},"modified":"2021-08-20T10:09:06","modified_gmt":"2021-08-20T13:09:06","slug":"politica-impasse-no-ir-pode-antecipar-votacao-da-reforma-administrativa","status":"publish","type":"post","link":"https:\/\/acs.org.br\/academy\/politica-impasse-no-ir-pode-antecipar-votacao-da-reforma-administrativa\/","title":{"rendered":"POL\u00cdTICA: Impasse no IR pode antecipar vota\u00e7\u00e3o da reforma administrativa"},"content":{"rendered":"<p>Fonte: Valor Econ\u00f4mico<\/p>\n<p>O relator da reforma administrativa, deputado Arthur Maia (DEM-BA), apresentar\u00e1 entre quarta-feira e sexta-feira o parecer \u00e0 proposta de emenda constitucional (PEC), antecipando em uma semana o calend\u00e1rio anteriormente divulgado. \u201cVamos descartar parte consider\u00e1vel do que veio proposto pelo governo. Ser\u00e1 um novo texto\u201d, disse.<\/p>\n<p><a href=\"https:\/\/acs.org.br\/antigo\/wp-content\/uploads\/2021\/08\/LIR....pdf\">LEIA MAIS&#8230;<\/a><\/p>\n","protected":false},"excerpt":{"rendered":"<p>Fonte: Valor Econ\u00f4mico O relator da reforma administrativa, deputado Arthur Maia (DEM-BA), apresentar\u00e1 entre quarta-feira e sexta-feira o parecer \u00e0 proposta de emenda constitucional (PEC), antecipando em uma semana o calend\u00e1rio anteriormente divulgado. \u201cVamos descartar parte consider\u00e1vel do que veio proposto pelo governo. Ser\u00e1 um novo texto\u201d, disse. LEIA MAIS&#8230;<\/p>\n","protected":false},"author":3,"featured_media":0,"comment_status":"open","ping_status":"open","sticky":false,"template":"","format":"standard","meta":{"footnotes":""},"categories":[105],"tags":[],"_links":{"self":[{"href":"https:\/\/acs.org.br\/academy\/wp-json\/wp\/v2\/posts\/99169"}],"collection":[{"href":"https:\/\/acs.org.br\/academy\/wp-json\/wp\/v2\/posts"}],"about":[{"href":"https:\/\/acs.org.br\/academy\/wp-json\/wp\/v2\/types\/post"}],"author":[{"embeddable":true,"href":"https:\/\/acs.org.br\/academy\/wp-json\/wp\/v2\/users\/3"}],"replies":[{"embeddable":true,"href":"https:\/\/acs.org.br\/academy\/wp-json\/wp\/v2\/comments?post=99169"}],"version-history":[{"count":1,"href":"https:\/\/acs.org.br\/academy\/wp-json\/wp\/v2\/posts\/99169\/revisions"}],"predecessor-version":[{"id":99171,"href":"https:\/\/acs.org.br\/academy\/wp-json\/wp\/v2\/posts\/99169\/revisions\/99171"}],"wp:attachment":[{"href":"https:\/\/acs.org.br\/academy\/wp-json\/wp\/v2\/media?parent=99169"}],"wp:term":[{"taxonomy":"category","embeddable":true,"href":"https:\/\/acs.org.br\/academy\/wp-json\/wp\/v2\/categories?post=99169"},{"taxonomy":"post_tag","embeddable":true,"href":"https:\/\/acs.org.br\/academy\/wp-json\/wp\/v2\/tags?post=99169"}],"curies":[{"name":"wp","href":"https:\/\/api.w.org\/{rel}","templated":true}]}}