{"id":98450,"date":"2022-11-23T16:30:06","date_gmt":"2022-11-23T19:30:06","guid":{"rendered":"http:\/\/acsnovo.provisorio.ws\/?p=98450"},"modified":"2022-11-23T16:46:09","modified_gmt":"2022-11-23T19:46:09","slug":"circulares-2","status":"publish","type":"post","link":"https:\/\/acs.org.br\/academy\/circulares-2\/","title":{"rendered":"Circulares"},"content":{"rendered":"<p><strong>Postado em 23\/11\/2022<\/strong><\/p>\n<p class=\"xxxxxxmsonormal\"><span style=\"font-size: 12.0pt;\">A pedido do coordenador da C\u00e2mara de Agentes de Carga, sr. Noslen Lopes Botelho, encaminhamos a PORTARIA ME N\u00ba 9.763 &#8211; Hor\u00e1rio Copa do Mundo, DE 9 DE NOVEMBRO DE 2022.<\/span><\/p>\n<p><strong><a href=\"https:\/\/acs.org.br\/antigo\/wp-content\/uploads\/2022\/10\/PORTARIA-ME-No-9_763-2022-Horario-Copa-do-Mundo-1.pdf\">&gt; Confira a Portaria<\/a><\/strong><\/p>\n<p>_____________________________________________________________________________<\/p>\n<p><strong>Postado em 21\/10\/2022<\/strong><\/p>\n<p class=\"xxxxxxmsonormal\"><span style=\"font-size: 12.0pt;\">A pedido do coordenador da C\u00e2mara de Agentes de Carga, sr. Noslen Lopes Botelho, encaminhamos a PORTARIA SRRF08 n\u00ba 279-2022, DE 17 DE OUTUBRO DE 2022.<\/span><\/p>\n<p><strong><a href=\"https:\/\/acs.org.br\/antigo\/wp-content\/uploads\/2022\/10\/Portaria-SRRF08-no-279-2022-DOU1-17-10-2022-pag33.pdf\">&gt; Confira a Portaria<\/a><\/strong><\/p>\n<p>_____________________________________________________________________________<\/p>\n<p><strong>Postado em 06\/10\/2022<\/strong><\/p>\n<p class=\"xxxxxxmsonormal\"><span style=\"font-size: 12.0pt;\">A pedido do coordenador da C\u00e2mara de Agentes de Carga, sr. Noslen Lopes Botelho, encaminhamos a PORTARIA ALF\/STS N\u00ba 119, DE 04 DE OUTUBRO DE 2022.<\/span><\/p>\n<p class=\"xxxxxxmsonormal\"><span style=\"font-size: 12.0pt;\">\u00a0<\/span><i><span style=\"font-size: 12.0pt;\">O documento disciplina sobre o uso de equipamentos de inspe\u00e7\u00e3o n\u00e3o invasiva exigidos dos recintos alfandegados jurisdicionados pela Alf\u00e2ndega da Receita Federal do Brasil do Porto de Santos.<\/span><\/i><\/p>\n<p><strong><a href=\"https:\/\/acs.org.br\/antigo\/wp-content\/uploads\/2022\/09\/Portaria-ALF-STS-n\u00b0-119-de-04-10-2022.pdf\">&gt; Confira a Portaria<\/a><\/strong><\/p>\n<p>_____________________________________________________________________________<\/p>\n<p><strong>Postado em 13\/09\/2022<\/strong><\/p>\n<p class=\"xxxxxxmsonormal\"><span style=\"font-size: 12.0pt;\">A pedido do coordenador da C\u00e2mara de Agentes de Carga, sr. Noslen Lopes Botelho, encaminhamos a NORMATIVA RFB N\u00ba 2.102, DE 12 DE SETEMBRO DE 2022.<\/span><\/p>\n<p class=\"xxxxxxmsonormal\"><span style=\"font-size: 12.0pt;\">\u00a0<\/span><i><span style=\"font-size: 12.0pt;\">O documento disciplina sobre os procedimentos de controle, arrecada\u00e7\u00e3o e fiscaliza\u00e7\u00e3o do Adicional ao Frete para a Renova\u00e7\u00e3o da Marinha Mercante (AFRMM).<\/span><\/i><\/p>\n<p><strong><a href=\"https:\/\/acs.org.br\/antigo\/wp-content\/uploads\/2022\/09\/IN-2102-de-112-set-2022-RFB-Adicional-ao-Frete-para-a-Renovacao-da-Marinha-Mercante-AFRMM-Taxa-de-Utilizacao-do-Mercante-TUM-13.09.2022.pdf\">&gt; Confira a Instru\u00e7\u00e3o Normativa<\/a><\/strong><\/p>\n<p>_____________________________________________________________________________<\/p>\n<p><strong>Postado em 01\/09\/2022<\/strong><\/p>\n<p class=\"xxxxxmsonormal\"><span style=\"font-size: 12.0pt;\">A pedido do coordenador da C\u00e2mara de Agentes de Carga, sr. Noslen Lopes Botelho, encaminhamos a NORMATIVA DG\/PF N\u00ba 233, DE 24 DE AGOSTO DE 2022.<\/span><\/p>\n<p class=\"xxxxxmsonormal\"><span style=\"font-size: 12.0pt;\">\u00a0<\/span><i><span style=\"font-size: 12.0pt;\">O documento disciplina os procedimentos para o cadastramento e a vistoria de empresas que atuam no transporte internacional de cargas e\/ou passageiros e institui a Comiss\u00e3o Permanente de Cadastramento e Vistoria nas Superintend\u00eancias Regionais e Delegacias descentralizadas da Pol\u00edcia Federal.<\/span><\/i><\/p>\n<p><strong><a href=\"https:\/\/acs.org.br\/antigo\/wp-content\/uploads\/2022\/02\/Instrucao-Normativa-DG-PF-No-233-de-24-agosto-2022.pdf\">&gt; Confira a Instru\u00e7\u00e3o Normativa<\/a><\/strong><\/p>\n<p>_____________________________________________________________________________<\/p>\n<p><strong>Postado em 25\/02\/2022<\/strong><\/p>\n<p>O coordenador da C\u00e2mara Setorial de Agentes de Cargas, Noslen Botelho,\u00a0 compartilha a Instru\u00e7\u00e3o Normativa n\u00ba 2066 da Receita Federal publicada no Di\u00e1rio Oficial da Uni\u00e3o sobre o acesso ao E-CAC, suas funcionalidades e objetivos.\u00a0\u00a0<\/p>\n<p><a href=\"https:\/\/acs.org.br\/antigo\/wp-content\/uploads\/2022\/02\/INSTRUC\u0327A\u0303O-NORMATIVA-RFB-No-2.066-DE-24-DE-FEVEREIRO-DE-2022_DOU-25.02.22-1.pdf\"><strong>&gt; Confira a Instru\u00e7\u00e3o Normativa<\/strong><\/a><\/p>\n<p>_____________________________________________________________________________<\/p>\n<p><strong><br \/>\nPostado em 18\/02\/2022<\/strong><\/p>\n<p>Caro associado,\u00a0<\/p>\n<p>O Di\u00e1rio Oficial da Uni\u00e3o publicou, nesta sexta-feira (18), a nova Portaria N\u00ba 143 da Receita Federal do Brasil que <br \/>\nestabelece normas gerais e procedimentos para o alfandegamento de local ou recinto.<\/p>\n<p><strong><a href=\"https:\/\/www.in.gov.br\/en\/web\/dou\/-\/portaria-rfb-n-143-de-11-de-fevereiro-de-2022-381134395\">&gt; Confira a publica\u00e7\u00e3o<\/a><\/strong><\/p>\n<p>_____________________________________________________________________________<\/p>\n<p><strong><br \/>\nPostado em 14\/02\/2022<\/p>\n<p><\/strong>Caros associados,\u00a0<\/p>\n<div>\u00a0<\/div>\n<div>Informamos que devido ao processo de moderniza\u00e7\u00e3o de gest\u00e3o da Associa\u00e7\u00e3o Comercial de Santos, com a implanta\u00e7\u00e3o de ERP\/m\u00f3dulo financeiro, as cobran\u00e7as de boleto que vinham sendo feitas atrav\u00e9s do \u00a0Banco do Brasil, passam agora a ser \u00a0emitidas pelo Banco Bradesco.<\/div>\n<div>\u00a0<\/div>\n<div>Os boletos\u00a0 ser\u00e3o emitidos pelo e-mail <a title=\"noreply@omie.com.br\" href=\"mailto:noreply@omie.com.br\" target=\"_blank\" rel=\"noopener noreferrer\" data-auth=\"NotApplicable\" data-linkindex=\"0\">noreply@omie.com.br<\/a>. \u00a0D\u00favidas devem ser encaminhadas ao e-mail <a title=\"cobranca@acs.org.br\" href=\"mailto:cobranca@acs.org.br\" target=\"_blank\" rel=\"noopener noreferrer\" data-auth=\"NotApplicable\" data-linkindex=\"1\">cobranca@acs.org.br<\/a>.<\/div>\n<div>\u00a0<\/div>\n<div>Qualquer d\u00favida, estamos \u00e0 disposi\u00e7\u00e3o!<\/div>\n<div>Atenciosamente,<br \/>\nAssocia\u00e7\u00e3o Comercial de Santos\u00a0<\/div>\n<p><strong>_____________________________________________________________________________<\/p>\n<p>Postado\u00a0 em\u00a0 09\/02\/2022<\/strong><\/p>\n<p>Caro associado, boa tarde,<\/p>\n<p>O coordenador da C\u00e2mara Setorial de Agentes de Cargas, Noslen Botelho, documento da ANVISA sobre as inspe\u00e7\u00f5es sanit\u00e1rias de forma remota em bens e produtos importados sujeitos \u00e0 vigil\u00e2ncia sanit\u00e1ria, publicado no DOU, em 02 de fevereiro.<\/p>\n<p><strong><a href=\"https:\/\/acs.org.br\/antigo\/wp-content\/uploads\/2022\/01\/ANVISA-RDC-597_2022-inspecoes-sanitarias-de-forma-remota-em-bens-e-produtos-09.02.2022-1.pdf\">Confira a \u00edntegra<\/a><\/strong><\/p>\n<p>_____________________________________________________________________________________________________________________<\/p>\n<p><span style=\"color: #000000;\"><strong>Postado em 12\/01\/2022<\/strong><\/span><\/p>\n<p>Caro associado, boa tarde,\u00a0<\/p>\n<p>O coordenador da C\u00e2mara Setorial de Agentes de Cargas, Noslen Botelho informa que a pr\u00f3xima reuni\u00e3o da <strong>COLFAC &#8211; ALF\/STS<\/strong> ser\u00e1, em <strong>17\/02\/2022,<\/strong> das 9h30 \u00e0s 12h, sendo o link de acesso divulgado oportunamente.<\/p>\n<p>As sugest\u00f5es de assuntos para pauta da reuni\u00e3o poder\u00e3o ser encaminhadas at\u00e9 o dia <strong>26\/01\/2022, <\/strong>para o e-mail\u00a0 <a href=\"mailto:noslen.ssz@excelsantos.com.br\">noslen.ssz@excelsantos.com.br<\/a>,\u00a0com o t\u00edtulo &#8220;Pautas &#8211; Colfac\u201d. \u00a0<\/p>\n<p>Atenciosamente,<br \/>\nDepartamento de Comunica\u00e7\u00e3o da ACS\u00a0<\/p>\n<p><strong>___________________________________________________________________________________________________________<\/strong><\/p>\n<p><strong>Postado\u00a0 em\u00a0 30\/12\/2021<\/strong><\/p>\n<p>Caro associado, boa tarde,<\/p>\n<p>O coordenador da C\u00e2mara Setorial de Agentes de Cargas, Noslen Botelho, compartilha lei que traz altera\u00e7\u00f5es no mercado cambial, publicada na quarta-feira, 29 de dezembro, no DOI.<\/p>\n<p><strong><a href=\"https:\/\/acs.org.br\/antigo\/wp-content\/uploads\/2021\/09\/Lei-14286-29-12-2021-Dispoe-sobre-mercado-de-cambio-brasileiro.pdf\">Confira a \u00edntegra<\/a><\/strong><\/p>\n<p>______________________________________________________________________________________________<\/p>\n<p><strong>Postado em 17\/12\/2021<\/p>\n<p><\/strong>Caro associado, bom dia,<\/p>\n<p>O coordenador da C\u00e2mara Setorial de Agentes de Cargas, Noslen Botelho, compartilha o link <br \/>\ndo Plano Integrado de Longo Prazo da Infraestrutura 2021-2050, elaborado pelo Comit\u00ea Interministerial de planejamento da Infraestrutura &#8211; CIP-Infra.<\/p>\n<p><strong><a href=\"https:\/\/acs.org.br\/antigo\/wp-content\/uploads\/2021\/12\/PlanoIntegradodeLongoPrazodaInfraestrutura.pdf\">&gt; Confira o plano\u00a0<\/a><\/p>\n<p><\/strong><strong>_________________________________________________________________________<\/strong><\/p>\n<p><strong>Postado em 03\/12\/2021<\/p>\n<p><\/strong>Caro associado, bom dia,<\/p>\n<p>O coordenador da C\u00e2mara Setorial de Agentes de Cargas, Noslen Botelho, compartilha a mensagem da Antaq que aprovou a norma que disp\u00f5e sobre os direitos e deveres dos usu\u00e1rios, dos agentes intermedi\u00e1rios e das empresas que operam nas navega\u00e7\u00f5es de apoio mar\u00edtimo, apoio portu\u00e1rio, cabotagem e longo curso.<\/p>\n<p><strong><a href=\"https:\/\/acs.org.br\/antigo\/wp-content\/uploads\/2021\/09\/ANTAQ_QUADRO-COMPARATIVO-OFICIAL0312.pdf\">&gt; Confira a altera\u00e7\u00e3o na Legisla\u00e7\u00e3o na Antaq<\/a><br \/>\n<\/strong><strong>__________________________________________________________________________________________________________________________<\/p>\n<p>Postado em 21\/09\/2021<br \/>\n<\/strong><\/p>\n<p>Caro associado, boa tarde,<\/p>\n<p>O coordenador da C\u00e2mara Setorial de Agentes de Cargas, Noslen Botelho,\u00a0\u00a0 compartilha a mensagem recebida pelo inspetor da Alf\u00e2ndega de Santos sobre a Colfac:<\/p>\n<p>\u201cConsiderando os relevantes resultados atingidos por interm\u00e9dio das Colfacs, a Receita Federal, o Mapa e a Anvisa publicar\u00e3o uma nova portaria conjunta ampliando o funcionamento das Comiss\u00f5es para todas as Alf\u00e2ndegas do pa\u00eds.<\/p>\n<p>A solenidade de lan\u00e7amento da nova portaria, \u00a0ocorrer\u00e1 na pr\u00f3xima sexta-feira (24), \u00e0s 14 horas, pode ser conferida atrav\u00e9s do link: \u00a0<a href=\"https:\/\/teams.microsoft.com\/l\/meetup-join\/19%3ameeting_MWRhMmUxOTktNTkyZS00Y2VlLTgxYzktYmE3ZTZlYTdjNDBl%40thread.v2\/0?context=%7b%22Tid%22%3a%226f49aa43-822a-4c20-9670-db7700bf1eb0%22%2c%22Oid%22%3a%22e7c141d7-a3c7-487c-9590-3364fc44a6cb%22%2c%22IsBroadcastMeeting%22%3atrue%7d&amp;btype=a&amp;role=a\">https:\/\/teams.microsoft.com\/l\/meetup-join\/19%3ameeting_MWRhMmUxOTktNTkyZS00Y2VlLTgxYzktYmE3ZTZlYTdjNDBl%40thread.v2\/0?context=%7b%22Tid%22%3a%226f49aa43-822a-4c20-9670-db7700bf1eb0%22%2c%22Oid%22%3a%22e7c141d7-a3c7-487c-9590-3364fc44a6cb%22%2c%22IsBroadcastMeeting%22%3atrue%7d&amp;btype=a&amp;role=a<\/a><\/p>\n<p>As sugest\u00f5es de pauta podem ser enviadas diretamente ao e-mail <a href=\"mailto:colfac.sp.alfsts@rfb.gov.br\">colfac.sp.alfsts@rfb.gov.br<\/a> .\u201d<\/p>\n<p><strong>_____________________________________________________________________________<br \/>\nPostado em 01\/09\/2021<\/strong><\/p>\n<p><strong>I Semin\u00e1rio Universidade-Empresa da Baixada Santista ocorrer\u00e1 no dia 11 de novembro<\/p>\n<p><\/strong>O &#8216;I Semin\u00e1rio Universidade-Empresa da Baixada Santista&#8217; ocorrer\u00e1 no dia 11 de novembro, das 9 \u00e0s 16 horas. O evento, que tem como objetivo promover a integra\u00e7\u00e3o entre as Universidades e as empresas, \u00e9 promovido pela C\u00e2mara Setorial das Institui\u00e7\u00f5es de Ensino da Associa\u00e7\u00e3o Comercial de Santos (ACS).<\/p>\n<p><a href=\"https:\/\/acs.org.br\/antigo\/i-seminario-universidade-empresa-da-baixada-santista-ocorrera-no-dia-11-de-novembro\/\">LEIA MAIS&#8230;<\/a><\/p>\n<p>_____________________________________________________________________________<br \/>\n<strong><br \/>\nPOSTADO EM 27\/08\/2021<br \/>\n<\/strong><br \/>\nCaro associado, boa tarde,<\/p>\n<p>A seguir, a pedido coordenador da c\u00e2mara setorial das empresas de fumiga\u00e7\u00e3o e servi\u00e7os fitossanit\u00e1rios, Lainor Ruivo Junior, segue comunicado da nova Portaria publicada pelo Minist\u00e9rio da Agricultura, Pecu\u00e1ria e Abastecimento (MAPA) sobre Tratamentos Fitossanit\u00e1rios.<\/p>\n<p><a href=\"https:\/\/acs.org.br\/antigo\/wp-content\/uploads\/2021\/08\/PORTARIAMAPA.pdf\">&gt; Acesse a portaria<\/a><\/p>\n<p>_____________________________________________________________________________<\/p>\n<p>Caro associado,\u00a0<\/p>\n<p>A Receita Federal apresentar\u00e1 cinco novas iniciativas que geram valor para a sociedade brasileira. S\u00e3o elas:\u00a0 Consulta Eletr\u00f4nica de Processos, Declara\u00e7\u00e3o do Imposto de Renda Pr\u00e9-Preenchida, Malha Pessoa Jur\u00eddica, Viajante \u00danico e Destina\u00e7\u00e3o de Mercadorias Apreendidas.\u00a0 O evento ocorrer\u00e1 no dia 1\u00ba de setembro, \u00e0s 9 horas, \u00a0e poder\u00e1 ser acompanhado no link: <a href=\"https:\/\/www.youtube.com\/user\/TVReceitaFederal\">https:\/\/www.youtube.com\/user\/TVReceitaFederal<\/a>. \u00a0<\/p>\n<p>As iniciativas ser\u00e3o apresentadas pelos representantes de cada Subsecretaria que comp\u00f5e a Secretaria Especial da Receita Federal do Brasil: Subsecretaria de Arrecada\u00e7\u00e3o, Cadastros e Atendimento, Subsecretaria de Tributa\u00e7\u00e3o e Contencioso, Subsecretaria de Fiscaliza\u00e7\u00e3o, Subsecretaria de Administra\u00e7\u00e3o Aduaneira e Subsecretaria de Gest\u00e3o Corporativa.<\/p>\n<p>\n<img loading=\"lazy\" decoding=\"async\" class=\"alignnone size-medium wp-image-99448\" src=\"https:\/\/acs.org.br\/antigo\/wp-content\/uploads\/2021\/08\/receita28-300x170.jpg\" alt=\"\" width=\"300\" height=\"170\" srcset=\"https:\/\/acs.org.br\/academy\/wp-content\/uploads\/2021\/08\/receita28-300x170.jpg 300w, https:\/\/acs.org.br\/academy\/wp-content\/uploads\/2021\/08\/receita28-600x340.jpg 600w, https:\/\/acs.org.br\/academy\/wp-content\/uploads\/2021\/08\/receita28-768x435.jpg 768w, https:\/\/acs.org.br\/academy\/wp-content\/uploads\/2021\/08\/receita28.jpg 1020w\" sizes=\"(max-width: 300px) 100vw, 300px\" \/><strong><br \/>\n<\/strong>_____________________________________________________________________________<\/p>\n<p><strong>POSTADO EM 23\/08\/2021<\/strong><\/p>\n<p>Caro associado, bom dia,<\/p>\n<p>O coordenador da C\u00e2mara Setorial de Agentes de Cargas, Noslen Botelho, comunica sobre a altera\u00e7\u00e3o na Instru\u00e7\u00e3o Normativa\u00a0 RFB n\u00ba 800, de 27 de dezembro de 2007, que disp\u00f5e sobre o controle aduaneiro informatizado da movimenta\u00e7\u00e3o de embarca\u00e7\u00f5es, cargas e unidades de carga nos portos alfandegados.\u00a0<\/p>\n<blockquote>\n<p style=\"text-align: left;\"><a href=\"https:\/\/acs.org.br\/antigo\/wp-content\/uploads\/2021\/08\/Alteracao-IN-800.2007-Novas-Intrucoes-IN-RFB-No2044-23.08.2021.pdf\">Confira a altera\u00e7\u00e3o na norma<\/a><\/p>\n<\/blockquote>\n<p>_____________________________________________________________________________<\/p>\n<p><strong>POSTADO EM 19\/08\/2021<\/strong><\/p>\n<p>Caro associado, bom dia,<\/p>\n<p>O coordenador da C\u00e2mara Setorial de Agentes de Cargas, Noslen Botelho,comunica sobre o evento da Procomex sobre Portal \u00danico \/ Duimp, realizado na \u00faltima quarta-feira (18).<\/p>\n<p>Seguem links do v\u00eddeo da apresenta\u00e7\u00e3o e o material exibido em Power Point:<\/p>\n<p><strong><a href=\"https:\/\/www.youtube.com\/watch?v=IFun1Tb0YAM\">https:\/\/www.youtube.com\/watch?v=IFun1Tb0YAM<\/a><\/p>\n<p><a href=\"https:\/\/acs.org.br\/antigo\/wp-content\/uploads\/2021\/08\/apresentacao1.pdf\">Apresenta\u00e7\u00e3o 1<\/a><\/p>\n<p><a href=\"https:\/\/acs.org.br\/antigo\/wp-content\/uploads\/2021\/08\/apresentacao2.pdf\">Apresenta\u00e7\u00e3o 2<\/a><\/p>\n<p>_____________________________________________________________________________<\/p>\n<p>POSTADO EM 10\/06\/2021<br \/>\n<\/strong><\/p>\n<p style=\"font-weight: 400;\">Caro associado, bom dia,<\/p>\n<p style=\"font-weight: 400;\">O coordenador da C\u00e2mara Setorial de Agentes de Cargas, Noslen Botelho, solicita que as pautas para a reuni\u00e3o da pr\u00f3xima da Colfac devem ser enviadas at\u00e9 o dia 15 de junho (ter\u00e7a-feira),\u00a0 para o e-mail\u00a0<a href=\"mailto:noslen.ssz@excelsantos.com.br\">noslen.ssz@excelsantos.com.br<\/a>, com o t\u00edtulo &#8220;Pautas- Colfac\u201d.<\/p>\n<p style=\"font-weight: 400;\">Atenciosamente,<\/p>\n<p style=\"font-weight: 400;\">Departamento de Comunica\u00e7\u00e3o da ACS<\/p>\n<p>_____________________________________________________________________________<\/p>\n<p style=\"font-weight: 400;\"><strong>POSTADO EM 31\/05\/2021<br \/>\n<\/strong><br \/>\nCaro associado, boa tarde,<\/p>\n<p style=\"font-weight: 400;\">\u00a0A seguir, a pedido coordenador da c\u00e2mara setorial de agentes de cargas, Noslen Botelho, segue comunicado da Secretaria de Com\u00e9rcio Exterior (Secex) sobre e a certifica\u00e7\u00e3o a ser requerida para as exporta\u00e7\u00f5es de caf\u00e9 em gr\u00e3os (NCM 0901.11.10), com destino aos pa\u00edses diferentes de Reino Unido ou daqueles que fazem parte da Uni\u00e3o Europeia, entrar\u00e1 em vigor no\u00a0<strong><a href=\"http:\/\/siscomex.gov.br\/exportacao\/exportacao-n-017-2021\/\">dia 21 de junho de 2021<\/a>\u00a0\u00a0<\/strong>e n\u00e3o em 1\u00ba de junho como havia sido comunicado por meio da\u00a0<strong><a href=\"http:\/\/www.siscomex.gov.br\/exportacao\/exportacao-n-015-2021\/\">Not\u00edcia Siscomex n\u00ba Exporta\u00e7\u00e3o 015\/2021<\/a><\/strong>.\u00a0<\/p>\n<p style=\"font-weight: 400;\">Atenciosamente,<br \/>\nDepartamento de Comunica\u00e7\u00e3o da ACS<\/p>\n<p>____________________________________________________________________________<\/p>\n<p style=\"font-weight: 400;\"><strong><br \/>\nPOSTADO EM 25\/05\/2021<\/strong><\/p>\n<p style=\"font-weight: 400;\">Caro associado, boa tarde,<\/p>\n<p style=\"font-weight: 400;\">A seguir, a pedido coordenador da c\u00e2mara setorial de agentes de cargas, Noslen Botelho, artigo que explica como fica o Imposto de Renda sobre os dep\u00f3sitos feitos em conta corrente.<\/p>\n<p style=\"font-weight: 400;\">\u00a0<strong><a href=\"https:\/\/www.ruben-eliana.com.br\/post\/como-fica-o-imposto-de-renda-sobre-os-dep%C3%B3sitos-feitos-em-conta-corrente\">&gt; Confira o artigo<\/a><\/strong><\/p>\n<p style=\"font-weight: 400;\">\u00a0Atenciosamente,<br \/>\nDepartamento de Comunica\u00e7\u00e3o da ACS<\/p>\n<p style=\"font-weight: 400;\">_____________________________________________________________________________<\/p>\n<p><strong>POSTADO EM 25\/05\/2021<\/strong><\/p>\n<p style=\"font-weight: 400;\">\u00a0A seguir, a pedido coordenador da c\u00e2mara setorial de agentes de cargas, Noslen Botelho, comunicado sobre o of\u00edcio referente \u00e0 audi\u00eancia p\u00fablica que ser\u00e1 realizada, virtualmente, na C\u00e2mara Municipal de Santos, por meio da Comiss\u00e3o de Assuntos Portu\u00e1rios, Mar\u00edtimo, Industria e Com\u00e9rcio (CAPMIC), nesta quarta-feira (26), \u00e0s 18 horas.<\/p>\n<p style=\"font-weight: 400;\">Na ocasi\u00e3o, ser\u00e1 discutido o tema: Informa\u00e7\u00f5es no SISCARGA, penas e multas, advert\u00eancia, suspens\u00e3o.<\/p>\n<p style=\"font-weight: 400;\"><strong><a href=\"http:\/\/www.acs.org.br\/images\/stories\/PDF\/2021\/MAIO\/noslen2505.PDF\">&gt; Confira o of\u00edcio<\/a><\/strong><\/p>\n<p style=\"font-weight: 400;\">Atenciosamente,<br \/>\nDepartamento de Comunica\u00e7\u00e3o da ACS<\/p>\n<p style=\"font-weight: 400;\"><strong>_____________________________________________________________________________<\/p>\n<p>POSTADO EM\u00a0 24\/05\/2021<\/strong><\/p>\n<p>O Instituto Vis\u00e3o do Bem,\u00a0 nosso associado, registrou mais uma grande conquista: foi oficialmente certificado como entidade beneficente de assist\u00eancia social na \u00e1rea de sa\u00fade para prestar servi\u00e7os ao Sistema \u00danico de Sa\u00fade &#8211; SUS.<\/p>\n<p style=\"font-weight: 400;\">A entidade apresenta tamb\u00e9m o \u201cProjeto de Olho no Futuro\u201d, que tem intuito de capacitar professores para realizar o exame de acuidade visual em todos os alunos. Ap\u00f3s a triagem, os estudantes que apresentam uma vis\u00e3o menor que 20\/25 em um dos olhos s\u00e3o encaminhados a uma avalia\u00e7\u00e3o com o oftalmologista.<\/p>\n<blockquote>\n<p style=\"font-weight: 400;\"><a href=\"https:\/\/bit.ly\/3flMAMV\">Conhe\u00e7a mais sobre esse projeto<\/a><\/p>\n<p>\n<\/p>\n<\/blockquote>\n<p>_____________________________________________________________________________<\/p>\n<p style=\"font-weight: 400;\"><strong>POSTADO EM 31\/03\/2021<\/strong><br \/>\nCaro associado,\u00a0<\/p>\n<p style=\"font-weight: 400;\">Inegavelmente, o momento \u00e9 novamente muito grave, atingindo ainda mais uma grande parte da popula\u00e7\u00e3o em condi\u00e7\u00e3o de vulnerabilidade social.<\/p>\n<p style=\"font-weight: 400;\">V\u00e1rias empresas j\u00e1 atenderam a esse novo ap\u00ealo, mas n\u00f3s precisamos de uma ades\u00e3o maior e mais r\u00e1pida.\u00a0 Nesse contexto, sua participa\u00e7\u00e3o \u00e9 fundamental.\u00a0\u00a0<\/p>\n<p style=\"font-weight: 400;\">Vamos nos mobilizar, mais uma vez, para viabilizar doa\u00e7\u00f5es de cestas b\u00e1sicas, por interm\u00e9dio do Fundo Social de Solidariedade da Prefeitura Municipal de Santos..<\/p>\n<p style=\"font-weight: 400;\">Vamos focar nas cestas b\u00e1sicas de R$ 59,00 e R$ 65,00, de modo a viabilizar a compra de um n\u00famero maior de unidades e, consequentemente, atender a um n\u00famero maior de pessoas.\u00a0<\/p>\n<p style=\"font-weight: 400;\">O associado que decidir participar da doa\u00e7\u00e3o de cestas b\u00e1sicas, por favor, nos envie c\u00f3pia do comprovante de transa\u00e7\u00e3o para que possamos efetuar o controle de entrega. A negocia\u00e7\u00e3o direta facilitar\u00e1 o processo, para que a pr\u00f3pria empresa defina a forma de pagamento (boleto, ted ou dep\u00f3sito banc\u00e1rio).<\/p>\n<p style=\"font-weight: 400;\">Para colaborar, indicamos dois fornecedores:<\/p>\n<p style=\"font-weight: 400;\"><strong>BCB Cestas B\u00e1sicas:<br \/>\n<\/strong>Caio<br \/>\n13 98164-2637(whatsapp)<br \/>\n<a href=\"mailto:bcb.cestabasica@gmail.com\">bcb.cestabasica@gmail.com<\/a><\/p>\n<p style=\"font-weight: 400;\">Ou<\/p>\n<p style=\"font-weight: 400;\"><strong>Tupy Cestas B\u00e1sicas<br \/>\n<\/strong>Rodrigo<br \/>\n97405-1205 (whatsapp)<br \/>\n3222-3061<br \/>\n<a href=\"mailto:cobranca@tupycestabasica.com.br\">cobranca@tupycestabasica.com.br<\/a><\/p>\n<p style=\"font-weight: 400;\">E mais: por uma quest\u00e3o log\u00edstica, as empresas j\u00e1 foram orientadas para entregar diretamente no Fundo Social de Solidariedade.<\/p>\n<p style=\"font-weight: 400;\">As seguintes empresas colaboraram at\u00e9 o momento:<\/p>\n<p style=\"font-weight: 400;\"><strong>Unicaf\u00e9 &#8211; Companhia de Com\u00e9rcio Exterior \u2013<\/strong> 50 cestas<\/p>\n<p style=\"font-weight: 400;\"><strong>Ag\u00eancia de Vapores Grieg S.A.<\/strong> \u2013 100 cestas<\/p>\n<p style=\"font-weight: 400;\"><strong>Instituto de An\u00e1lises Cl\u00ednicas\u00a0<\/strong>\u2013 90 cestas<\/p>\n<p style=\"font-weight: 400;\"><strong>Sindicato das Ag\u00eancias de Navega\u00e7\u00e3o Mar\u00edtima do Estado de SP &#8211; SINDAMAR \u2013<\/strong> 100 cestas<\/p>\n<p style=\"font-weight: 400;\"><strong>G. Pierotti Ship Supplier Ltda \u2013<\/strong> 40 cestas<\/p>\n<p style=\"font-weight: 400;\"><strong>Comexim Ltda \u2013<\/strong> 85 cestas<\/p>\n<p style=\"font-weight: 400;\"><strong>Cl\u00ednica Radiol\u00f3gica de Santos \u2013\u00a0<\/strong>10 cestas<\/p>\n<p style=\"font-weight: 400;\"><strong>Brasfito Servi\u00e7os T\u00e9cnicos e Agroengenharia Ltda\u00a0<\/strong>\u2013 20 cestas<\/p>\n<p style=\"font-weight: 400;\"><strong>Conport Afretamentos Mar\u00edtimos O.K. Ltda \u2013<\/strong> 100 cestas<\/p>\n<p style=\"font-weight: 400;\"><strong>Master Marine Ship Suppliers\u00a0<\/strong>&#8211; 45 cestas<\/p>\n<p style=\"font-weight: 400;\">Cordialmente,<br \/>\nMarcio Calves<br \/>\nDiretor-executivo<br \/>\nAssocia\u00e7\u00e3o\u00a0 Comercial de Santos<\/p>\n<p style=\"font-weight: 400;\"><strong>_____________________________________________________________________________<br \/>\nPOSTADO EM 26\/03\/2021<\/strong><\/p>\n<p style=\"font-weight: 400;\">Caro associado,\u00a0<\/p>\n<p style=\"font-weight: 400;\">A seguir,\u00a0 informa\u00e7\u00f5es importantes do coordenador da c\u00e2mara setorial de agentes de cargas, Noslen Botelho, sobre acessos aos m\u00f3dulos Declara\u00e7\u00e3o \u00danica de Exporta\u00e7\u00e3o (DUE) e Controle de Carga e Tr\u00e2nsito (CCT).<\/p>\n<p style=\"font-style: inherit; font-weight: inherit;\"><strong><a href=\"http:\/\/www.acs.org.br\/images\/stories\/PDF\/2021\/MARCO\/siscomex.PDF\">&gt; Comunicado ACS -CASC<\/a><\/strong><\/p>\n<p>Atenciosamente,<br \/>\nDepartamento de Comunica\u00e7\u00e3o da ACS.<br \/>\n_____________________________________________________________________________<\/p>\n<p style=\"font-weight: 400;\"><strong>POSTADO EM 24\/02\/2021<\/strong><\/p>\n<p style=\"font-weight: 400;\">Caro associado, boa tarde,<\/p>\n<p style=\"font-weight: 400;\">A seguir, a pedido do coordenador da C\u00e2mara Setorial de Agentes de Cargas, Noslen Botelho, compartilhamos a carta-convite enviada pela Alian\u00e7a Procomex para que a Associa\u00e7\u00e3o Comercial de Santos (ACS)\u00a0 se torne parceira da institui\u00e7\u00e3o.\u00a0 No pr\u00f3ximo dia 10, a ACS j\u00e1 participar\u00e1 da assembleia anual do Procomex.<\/p>\n<p style=\"font-weight: 400;\">\u00a0<strong><a href=\"http:\/\/www.acs.org.br\/images\/stories\/PDF\/2021\/FEVEREIRO\/PROCOMEX2402.pdf\">&gt; Carta Convite<\/a><\/strong><\/p>\n<p style=\"font-weight: 400;\">Atenciosamente,<br \/>\nDepartamento de Comunica\u00e7\u00e3o da ACS\u00a0<\/p>\n","protected":false},"excerpt":{"rendered":"<p>Postado em 23\/11\/2022 A pedido do coordenador da C\u00e2mara de Agentes de Carga, sr. Noslen Lopes Botelho, encaminhamos a PORTARIA ME N\u00ba 9.763 &#8211; Hor\u00e1rio Copa do Mundo, DE 9 DE NOVEMBRO DE 2022. &gt; Confira a Portaria _____________________________________________________________________________ Postado em 21\/10\/2022 A pedido do coordenador da C\u00e2mara de Agentes de Carga, sr. Noslen Lopes [&hellip;]<\/p>\n","protected":false},"author":2,"featured_media":0,"comment_status":"open","ping_status":"open","sticky":false,"template":"","format":"standard","meta":{"footnotes":""},"categories":[114,84],"tags":[],"_links":{"self":[{"href":"https:\/\/acs.org.br\/academy\/wp-json\/wp\/v2\/posts\/98450"}],"collection":[{"href":"https:\/\/acs.org.br\/academy\/wp-json\/wp\/v2\/posts"}],"about":[{"href":"https:\/\/acs.org.br\/academy\/wp-json\/wp\/v2\/types\/post"}],"author":[{"embeddable":true,"href":"https:\/\/acs.org.br\/academy\/wp-json\/wp\/v2\/users\/2"}],"replies":[{"embeddable":true,"href":"https:\/\/acs.org.br\/academy\/wp-json\/wp\/v2\/comments?post=98450"}],"version-history":[{"count":37,"href":"https:\/\/acs.org.br\/academy\/wp-json\/wp\/v2\/posts\/98450\/revisions"}],"predecessor-version":[{"id":111142,"href":"https:\/\/acs.org.br\/academy\/wp-json\/wp\/v2\/posts\/98450\/revisions\/111142"}],"wp:attachment":[{"href":"https:\/\/acs.org.br\/academy\/wp-json\/wp\/v2\/media?parent=98450"}],"wp:term":[{"taxonomy":"category","embeddable":true,"href":"https:\/\/acs.org.br\/academy\/wp-json\/wp\/v2\/categories?post=98450"},{"taxonomy":"post_tag","embeddable":true,"href":"https:\/\/acs.org.br\/academy\/wp-json\/wp\/v2\/tags?post=98450"}],"curies":[{"name":"wp","href":"https:\/\/api.w.org\/{rel}","templated":true}]}}