{"id":91463,"date":"2020-03-11T00:00:00","date_gmt":"2020-03-11T03:00:00","guid":{"rendered":"http:\/\/127.0.0.1\/acs\/sammarco-assume-presidencia-na-acs-sopesp-11-03-2020\/"},"modified":"2020-03-11T00:00:00","modified_gmt":"2020-03-11T03:00:00","slug":"sammarco-assume-presidencia-na-acs-sopesp-11-03-2020","status":"publish","type":"post","link":"https:\/\/acs.org.br\/academy\/sammarco-assume-presidencia-na-acs-sopesp-11-03-2020\/","title":{"rendered":"Sammarco assume presid\u00eancia na ACS &#8211; Sopesp &#8211; 11\/03\/2020"},"content":{"rendered":"<p>Fonte: Sopesp<\/p>\n<p>O engenheiro e empres\u00e1rio do ramo de navega\u00e7\u00e3o Mauro S\u00e9rgio Sammarco tomou posse ontem como presidente da Associa\u00e7\u00e3o Comercial de Santos (ACS) para o tri\u00eanio 2020-2023.<\/p>\n<p><a target=\"_blank\" href=\"http:\/\/127.0.0.1\/acs\/wp-content\/uploads\/2020\/03\/PDF_2020_MARCO_DIRETORIAPOSSE-SOPESP-11.pdf\" rel=\"noopener\">LEIA MAIS&#8230;<\/a><\/p>\n<p>\u00a0<\/p>\n","protected":false},"excerpt":{"rendered":"<p>Fonte: Sopesp O engenheiro e empres\u00e1rio do ramo de navega\u00e7\u00e3o Mauro S\u00e9rgio Sammarco tomou posse ontem como presidente da Associa\u00e7\u00e3o Comercial de Santos (ACS) para o tri\u00eanio 2020-2023. LEIA MAIS&#8230; \u00a0<\/p>\n","protected":false},"author":1,"featured_media":0,"comment_status":"open","ping_status":"open","sticky":false,"template":"","format":"standard","meta":{"footnotes":""},"categories":[98],"tags":[],"_links":{"self":[{"href":"https:\/\/acs.org.br\/academy\/wp-json\/wp\/v2\/posts\/91463"}],"collection":[{"href":"https:\/\/acs.org.br\/academy\/wp-json\/wp\/v2\/posts"}],"about":[{"href":"https:\/\/acs.org.br\/academy\/wp-json\/wp\/v2\/types\/post"}],"author":[{"embeddable":true,"href":"https:\/\/acs.org.br\/academy\/wp-json\/wp\/v2\/users\/1"}],"replies":[{"embeddable":true,"href":"https:\/\/acs.org.br\/academy\/wp-json\/wp\/v2\/comments?post=91463"}],"version-history":[{"count":0,"href":"https:\/\/acs.org.br\/academy\/wp-json\/wp\/v2\/posts\/91463\/revisions"}],"wp:attachment":[{"href":"https:\/\/acs.org.br\/academy\/wp-json\/wp\/v2\/media?parent=91463"}],"wp:term":[{"taxonomy":"category","embeddable":true,"href":"https:\/\/acs.org.br\/academy\/wp-json\/wp\/v2\/categories?post=91463"},{"taxonomy":"post_tag","embeddable":true,"href":"https:\/\/acs.org.br\/academy\/wp-json\/wp\/v2\/tags?post=91463"}],"curies":[{"name":"wp","href":"https:\/\/api.w.org\/{rel}","templated":true}]}}