{"id":91461,"date":"2020-03-10T00:00:00","date_gmt":"2020-03-10T03:00:00","guid":{"rendered":"http:\/\/127.0.0.1\/acs\/associacao-comercial-de-santos-tem-novo-presidente-a-tribuna-digital-10-03-2020\/"},"modified":"2020-03-10T00:00:00","modified_gmt":"2020-03-10T03:00:00","slug":"associacao-comercial-de-santos-tem-novo-presidente-a-tribuna-digital-10-03-2020","status":"publish","type":"post","link":"https:\/\/acs.org.br\/academy\/associacao-comercial-de-santos-tem-novo-presidente-a-tribuna-digital-10-03-2020\/","title":{"rendered":"Associa\u00e7\u00e3o Comercial de Santos tem novo presidente &#8211; A Tribuna digital &#8211; 10\/03\/2020"},"content":{"rendered":"<p>Fonte: A Tribuna digital<\/p>\n<p>O engenheiro e empres\u00e1rio do ramo de navega\u00e7\u00e3o Mauro S\u00e9rgio Sammarco tomou posse, na tarde desta ter\u00e7a-feira (10), como presidente da Associa\u00e7\u00e3o Comercial de Santos (ACS) para o tri\u00eanio 2020-2023.<\/p>\n<p><a href=\"http:\/\/127.0.0.1\/acs\/wp-content\/uploads\/2020\/03\/PDF_2020_MARCO_DIRETORIAPOSSE-TRIDIG-10.pdf\" target=\"_blank\" rel=\"noopener\">LEIA MAIS&#8230;<\/a><\/p>\n","protected":false},"excerpt":{"rendered":"<p>Fonte: A Tribuna digital O engenheiro e empres\u00e1rio do ramo de navega\u00e7\u00e3o Mauro S\u00e9rgio Sammarco tomou posse, na tarde desta ter\u00e7a-feira (10), como presidente da Associa\u00e7\u00e3o Comercial de Santos (ACS) para o tri\u00eanio 2020-2023. LEIA MAIS&#8230;<\/p>\n","protected":false},"author":1,"featured_media":0,"comment_status":"open","ping_status":"open","sticky":false,"template":"","format":"standard","meta":{"footnotes":""},"categories":[98],"tags":[],"_links":{"self":[{"href":"https:\/\/acs.org.br\/academy\/wp-json\/wp\/v2\/posts\/91461"}],"collection":[{"href":"https:\/\/acs.org.br\/academy\/wp-json\/wp\/v2\/posts"}],"about":[{"href":"https:\/\/acs.org.br\/academy\/wp-json\/wp\/v2\/types\/post"}],"author":[{"embeddable":true,"href":"https:\/\/acs.org.br\/academy\/wp-json\/wp\/v2\/users\/1"}],"replies":[{"embeddable":true,"href":"https:\/\/acs.org.br\/academy\/wp-json\/wp\/v2\/comments?post=91461"}],"version-history":[{"count":0,"href":"https:\/\/acs.org.br\/academy\/wp-json\/wp\/v2\/posts\/91461\/revisions"}],"wp:attachment":[{"href":"https:\/\/acs.org.br\/academy\/wp-json\/wp\/v2\/media?parent=91461"}],"wp:term":[{"taxonomy":"category","embeddable":true,"href":"https:\/\/acs.org.br\/academy\/wp-json\/wp\/v2\/categories?post=91461"},{"taxonomy":"post_tag","embeddable":true,"href":"https:\/\/acs.org.br\/academy\/wp-json\/wp\/v2\/tags?post=91461"}],"curies":[{"name":"wp","href":"https:\/\/api.w.org\/{rel}","templated":true}]}}