{"id":91382,"date":"2020-03-08T00:00:00","date_gmt":"2020-03-08T03:00:00","guid":{"rendered":"http:\/\/127.0.0.1\/acs\/qvamos-seguir-contribuindo-com-a-acsq-a-tribuna-08032020\/"},"modified":"2020-03-08T00:00:00","modified_gmt":"2020-03-08T03:00:00","slug":"qvamos-seguir-contribuindo-com-a-acsq-a-tribuna-08032020","status":"publish","type":"post","link":"https:\/\/acs.org.br\/academy\/qvamos-seguir-contribuindo-com-a-acsq-a-tribuna-08032020\/","title":{"rendered":"&#8220;Vamos seguir contribuindo com a ACS&#8221; &#8211; A Tribuna &#8211; 08\/03\/2020"},"content":{"rendered":"<p>Fonte: A Tribuna<\/p>\n<p>Roberto Clemente Santini, diretor-presidente da Associa\u00e7\u00e3o Comercial de Santos por dois tri\u00eanios, entrega o cargo na pr\u00f3xima ter\u00e7a-feira, quando ser\u00e1 realizada a assembleia que dar\u00e1 posse \u00e0 nova diretoria.<\/p>\n<p><a target=\"_blank\" href=\"http:\/\/127.0.0.1\/acs\/wp-content\/uploads\/2020\/03\/PDF_2020_MARCO_ROBERTOSANTINI-TRI-08.pdf\" rel=\"noopener\">LEIA MAIS&#8230;<\/a><\/p>\n<p>\u00a0<\/p>\n","protected":false},"excerpt":{"rendered":"<p>Fonte: A Tribuna Roberto Clemente Santini, diretor-presidente da Associa\u00e7\u00e3o Comercial de Santos por dois tri\u00eanios, entrega o cargo na pr\u00f3xima ter\u00e7a-feira, quando ser\u00e1 realizada a assembleia que dar\u00e1 posse \u00e0 nova diretoria. LEIA MAIS&#8230; \u00a0<\/p>\n","protected":false},"author":1,"featured_media":0,"comment_status":"open","ping_status":"open","sticky":false,"template":"","format":"standard","meta":{"footnotes":""},"categories":[98],"tags":[],"_links":{"self":[{"href":"https:\/\/acs.org.br\/academy\/wp-json\/wp\/v2\/posts\/91382"}],"collection":[{"href":"https:\/\/acs.org.br\/academy\/wp-json\/wp\/v2\/posts"}],"about":[{"href":"https:\/\/acs.org.br\/academy\/wp-json\/wp\/v2\/types\/post"}],"author":[{"embeddable":true,"href":"https:\/\/acs.org.br\/academy\/wp-json\/wp\/v2\/users\/1"}],"replies":[{"embeddable":true,"href":"https:\/\/acs.org.br\/academy\/wp-json\/wp\/v2\/comments?post=91382"}],"version-history":[{"count":0,"href":"https:\/\/acs.org.br\/academy\/wp-json\/wp\/v2\/posts\/91382\/revisions"}],"wp:attachment":[{"href":"https:\/\/acs.org.br\/academy\/wp-json\/wp\/v2\/media?parent=91382"}],"wp:term":[{"taxonomy":"category","embeddable":true,"href":"https:\/\/acs.org.br\/academy\/wp-json\/wp\/v2\/categories?post=91382"},{"taxonomy":"post_tag","embeddable":true,"href":"https:\/\/acs.org.br\/academy\/wp-json\/wp\/v2\/tags?post=91382"}],"curies":[{"name":"wp","href":"https:\/\/api.w.org\/{rel}","templated":true}]}}