{"id":91353,"date":"2020-03-10T00:00:00","date_gmt":"2020-03-10T03:00:00","guid":{"rendered":"http:\/\/127.0.0.1\/acs\/nova-diretoria-assume-para-mandato-na-associacao-comercial-de-santos-santa-portal-10-03-2020\/"},"modified":"2020-03-10T00:00:00","modified_gmt":"2020-03-10T03:00:00","slug":"nova-diretoria-assume-para-mandato-na-associacao-comercial-de-santos-santa-portal-10-03-2020","status":"publish","type":"post","link":"https:\/\/acs.org.br\/academy\/nova-diretoria-assume-para-mandato-na-associacao-comercial-de-santos-santa-portal-10-03-2020\/","title":{"rendered":"Nova diretoria assume para mandato na Associa\u00e7\u00e3o Comercial de Santos &#8211; Santa Portal &#8211; 10\/03\/2020"},"content":{"rendered":"<p>Fonte: Santa Portal<\/p>\n<p>NOVA DIRETORIA &#8211; A Associa\u00e7\u00e3o Comercial de Santos elegeu nesta ter\u00e7a-feira (10) a sua nova diretoria para os pr\u00f3ximos tr\u00eas anos. O novo presidente \u00e9 Mauro S\u00e9rgio Sammarco, que substitui Roberto Clemente Santini no comando da institui\u00e7\u00e3o. Santini encerrou o seu segundo e \u00faltimo mandato, como prev\u00ea o estatuto da ACS.<\/p>\n<p><a href=\"http:\/\/127.0.0.1\/acs\/wp-content\/uploads\/2020\/03\/PDF_2020_MARCO_DIRETORIAPOSSE-SANTAPORTAL-10.pdf\" target=\"_blank\" rel=\"noopener\">LEIA MAIS&#8230;<\/a><\/p>\n","protected":false},"excerpt":{"rendered":"<p>Fonte: Santa Portal NOVA DIRETORIA &#8211; A Associa\u00e7\u00e3o Comercial de Santos elegeu nesta ter\u00e7a-feira (10) a sua nova diretoria para os pr\u00f3ximos tr\u00eas anos. O novo presidente \u00e9 Mauro S\u00e9rgio Sammarco, que substitui Roberto Clemente Santini no comando da institui\u00e7\u00e3o. Santini encerrou o seu segundo e \u00faltimo mandato, como prev\u00ea o estatuto da ACS. LEIA [&hellip;]<\/p>\n","protected":false},"author":1,"featured_media":0,"comment_status":"open","ping_status":"open","sticky":false,"template":"","format":"standard","meta":{"footnotes":""},"categories":[98],"tags":[],"_links":{"self":[{"href":"https:\/\/acs.org.br\/academy\/wp-json\/wp\/v2\/posts\/91353"}],"collection":[{"href":"https:\/\/acs.org.br\/academy\/wp-json\/wp\/v2\/posts"}],"about":[{"href":"https:\/\/acs.org.br\/academy\/wp-json\/wp\/v2\/types\/post"}],"author":[{"embeddable":true,"href":"https:\/\/acs.org.br\/academy\/wp-json\/wp\/v2\/users\/1"}],"replies":[{"embeddable":true,"href":"https:\/\/acs.org.br\/academy\/wp-json\/wp\/v2\/comments?post=91353"}],"version-history":[{"count":0,"href":"https:\/\/acs.org.br\/academy\/wp-json\/wp\/v2\/posts\/91353\/revisions"}],"wp:attachment":[{"href":"https:\/\/acs.org.br\/academy\/wp-json\/wp\/v2\/media?parent=91353"}],"wp:term":[{"taxonomy":"category","embeddable":true,"href":"https:\/\/acs.org.br\/academy\/wp-json\/wp\/v2\/categories?post=91353"},{"taxonomy":"post_tag","embeddable":true,"href":"https:\/\/acs.org.br\/academy\/wp-json\/wp\/v2\/tags?post=91353"}],"curies":[{"name":"wp","href":"https:\/\/api.w.org\/{rel}","templated":true}]}}