{"id":91297,"date":"2020-03-06T17:54:37","date_gmt":"2020-03-06T20:54:37","guid":{"rendered":"http:\/\/127.0.0.1\/acs\/acs-jovem-toma-posse-para-gestao-2020-2021-facesp-04-03-2020\/"},"modified":"2020-03-06T17:54:37","modified_gmt":"2020-03-06T20:54:37","slug":"acs-jovem-toma-posse-para-gestao-2020-2021-facesp-04-03-2020","status":"publish","type":"post","link":"https:\/\/acs.org.br\/academy\/acs-jovem-toma-posse-para-gestao-2020-2021-facesp-04-03-2020\/","title":{"rendered":"ACS Jovem toma posse para gest\u00e3o 2020\/2021 &#8211;  Facesp &#8211; 04.03.2020"},"content":{"rendered":"<p>Fonte: Facesp<\/p>\n<p>A nova coordenadoria do grupo de jovens da Associa\u00e7\u00e3o Comercial de Santos (ACS \u2013 Jovem) tomou posse na noite desta ter\u00e7a-feira (03), durante cerim\u00f4nia realizada no audit\u00f3rio da institui\u00e7\u00e3o (Rua XV de Novembro, 137 \u2013 Centro, Santos).&nbsp; A solenidade marcou tamb\u00e9m o 12\u00ba anivers\u00e1rio do n\u00facleo jovem.<\/p>\n<p><a target=\"_blank\" href=\"http:\/\/127.0.0.1\/acs\/wp-content\/uploads\/2020\/03\/PDF_2020_MARCO_facespacsjovem1.pdf\" rel=\"noopener\">LEIA MAIS&#8230;&nbsp;<\/a><\/p>\n","protected":false},"excerpt":{"rendered":"<p>Fonte: Facesp A nova coordenadoria do grupo de jovens da Associa\u00e7\u00e3o Comercial de Santos (ACS \u2013 Jovem) tomou posse na noite desta ter\u00e7a-feira (03), durante cerim\u00f4nia realizada no audit\u00f3rio da institui\u00e7\u00e3o (Rua XV de Novembro, 137 \u2013 Centro, Santos).&nbsp; A solenidade marcou tamb\u00e9m o 12\u00ba anivers\u00e1rio do n\u00facleo jovem. LEIA MAIS&#8230;&nbsp;<\/p>\n","protected":false},"author":1,"featured_media":0,"comment_status":"open","ping_status":"open","sticky":false,"template":"","format":"standard","meta":{"footnotes":""},"categories":[98],"tags":[],"_links":{"self":[{"href":"https:\/\/acs.org.br\/academy\/wp-json\/wp\/v2\/posts\/91297"}],"collection":[{"href":"https:\/\/acs.org.br\/academy\/wp-json\/wp\/v2\/posts"}],"about":[{"href":"https:\/\/acs.org.br\/academy\/wp-json\/wp\/v2\/types\/post"}],"author":[{"embeddable":true,"href":"https:\/\/acs.org.br\/academy\/wp-json\/wp\/v2\/users\/1"}],"replies":[{"embeddable":true,"href":"https:\/\/acs.org.br\/academy\/wp-json\/wp\/v2\/comments?post=91297"}],"version-history":[{"count":0,"href":"https:\/\/acs.org.br\/academy\/wp-json\/wp\/v2\/posts\/91297\/revisions"}],"wp:attachment":[{"href":"https:\/\/acs.org.br\/academy\/wp-json\/wp\/v2\/media?parent=91297"}],"wp:term":[{"taxonomy":"category","embeddable":true,"href":"https:\/\/acs.org.br\/academy\/wp-json\/wp\/v2\/categories?post=91297"},{"taxonomy":"post_tag","embeddable":true,"href":"https:\/\/acs.org.br\/academy\/wp-json\/wp\/v2\/tags?post=91297"}],"curies":[{"name":"wp","href":"https:\/\/api.w.org\/{rel}","templated":true}]}}