{"id":91295,"date":"2020-03-06T17:52:59","date_gmt":"2020-03-06T20:52:59","guid":{"rendered":"http:\/\/127.0.0.1\/acs\/camara-setorial-de-instituicoes-de-ensino-da-acs-define-cronograma-para-2020-facesp-06-03-2020\/"},"modified":"2020-03-06T17:52:59","modified_gmt":"2020-03-06T20:52:59","slug":"camara-setorial-de-instituicoes-de-ensino-da-acs-define-cronograma-para-2020-facesp-06-03-2020","status":"publish","type":"post","link":"https:\/\/acs.org.br\/academy\/camara-setorial-de-instituicoes-de-ensino-da-acs-define-cronograma-para-2020-facesp-06-03-2020\/","title":{"rendered":"C\u00e2mara Setorial de Institui\u00e7\u00f5es de Ensino da ACS define cronograma para 2020 &#8211; Facesp &#8211; 06.03.2020"},"content":{"rendered":"<p>Fonte: Facesp<\/p>\n<p>Semin\u00e1rio Universidade-Empresa, Rodada da Cidadania com enfoque gastron\u00f4mico, apresenta\u00e7\u00f5es sobre o Parque Tecnol\u00f3gico e boas pr\u00e1ticas das Institui\u00e7\u00f5es de Ensino. Estes ser\u00e3o alguns dos temas tratados em 2020 pela C\u00e2mara das Institui\u00e7\u00f5es de Ensino da Associa\u00e7\u00e3o Comercial de Santos (ACS).<\/p>\n<p><a href=\"http:\/\/127.0.0.1\/acs\/wp-content\/uploads\/2020\/03\/PDF_2020_MARCO_FACESPENSINO.pdf\">LEIA MAIS&#8230;&nbsp;<\/a><\/p>\n","protected":false},"excerpt":{"rendered":"<p>Fonte: Facesp Semin\u00e1rio Universidade-Empresa, Rodada da Cidadania com enfoque gastron\u00f4mico, apresenta\u00e7\u00f5es sobre o Parque Tecnol\u00f3gico e boas pr\u00e1ticas das Institui\u00e7\u00f5es de Ensino. Estes ser\u00e3o alguns dos temas tratados em 2020 pela C\u00e2mara das Institui\u00e7\u00f5es de Ensino da Associa\u00e7\u00e3o Comercial de Santos (ACS). LEIA MAIS&#8230;&nbsp;<\/p>\n","protected":false},"author":1,"featured_media":0,"comment_status":"open","ping_status":"open","sticky":false,"template":"","format":"standard","meta":{"footnotes":""},"categories":[98],"tags":[],"_links":{"self":[{"href":"https:\/\/acs.org.br\/academy\/wp-json\/wp\/v2\/posts\/91295"}],"collection":[{"href":"https:\/\/acs.org.br\/academy\/wp-json\/wp\/v2\/posts"}],"about":[{"href":"https:\/\/acs.org.br\/academy\/wp-json\/wp\/v2\/types\/post"}],"author":[{"embeddable":true,"href":"https:\/\/acs.org.br\/academy\/wp-json\/wp\/v2\/users\/1"}],"replies":[{"embeddable":true,"href":"https:\/\/acs.org.br\/academy\/wp-json\/wp\/v2\/comments?post=91295"}],"version-history":[{"count":0,"href":"https:\/\/acs.org.br\/academy\/wp-json\/wp\/v2\/posts\/91295\/revisions"}],"wp:attachment":[{"href":"https:\/\/acs.org.br\/academy\/wp-json\/wp\/v2\/media?parent=91295"}],"wp:term":[{"taxonomy":"category","embeddable":true,"href":"https:\/\/acs.org.br\/academy\/wp-json\/wp\/v2\/categories?post=91295"},{"taxonomy":"post_tag","embeddable":true,"href":"https:\/\/acs.org.br\/academy\/wp-json\/wp\/v2\/tags?post=91295"}],"curies":[{"name":"wp","href":"https:\/\/api.w.org\/{rel}","templated":true}]}}