{"id":91293,"date":"2020-03-04T00:00:00","date_gmt":"2020-03-04T03:00:00","guid":{"rendered":"http:\/\/127.0.0.1\/acs\/nova-coordenadoria-da-acs-jovem-tomou-posse-em-evento-concorrido-nas-dependencia-da-associacao-comercial-de-santos-empresarios-04-03-2020\/"},"modified":"2020-03-04T00:00:00","modified_gmt":"2020-03-04T03:00:00","slug":"nova-coordenadoria-da-acs-jovem-tomou-posse-em-evento-concorrido-nas-dependencia-da-associacao-comercial-de-santos-empresarios-04-03-2020","status":"publish","type":"post","link":"https:\/\/acs.org.br\/academy\/nova-coordenadoria-da-acs-jovem-tomou-posse-em-evento-concorrido-nas-dependencia-da-associacao-comercial-de-santos-empresarios-04-03-2020\/","title":{"rendered":"Nova coordenadoria da ACS Jovem tomou posse em evento concorrido nas depend\u00eancia da Associa\u00e7\u00e3o Comercial de Santos \u2013 Empres\u00e1rios \u2013 04.03.2020"},"content":{"rendered":"<p>Fonte: Empres\u00e1rios<\/p>\n<p>A nova coordenadoria do grupo de jovens da Associa\u00e7\u00e3o Comercial de Santos (ACS \u2013 Jovem) tomou posse na noite desta ter\u00e7a-feira (03), durante cerim\u00f4nia realizada no audit\u00f3rio da institui\u00e7\u00e3o (Rua XV de Novembro, 137 \u2013 Centro, Santos).&nbsp; A solenidade marcou tamb\u00e9m o 12\u00ba anivers\u00e1rio do n\u00facleo jovem.<\/p>\n<p><a href=\"http:\/\/127.0.0.1\/acs\/wp-content\/uploads\/2020\/03\/PDF_2020_MARCO_EMPRESARIOSACSJOVEMPOSSE0303.pdf\">LEIA MAIS&#8230;<\/a><\/p>\n","protected":false},"excerpt":{"rendered":"<p>Fonte: Empres\u00e1rios A nova coordenadoria do grupo de jovens da Associa\u00e7\u00e3o Comercial de Santos (ACS \u2013 Jovem) tomou posse na noite desta ter\u00e7a-feira (03), durante cerim\u00f4nia realizada no audit\u00f3rio da institui\u00e7\u00e3o (Rua XV de Novembro, 137 \u2013 Centro, Santos).&nbsp; A solenidade marcou tamb\u00e9m o 12\u00ba anivers\u00e1rio do n\u00facleo jovem. LEIA MAIS&#8230;<\/p>\n","protected":false},"author":1,"featured_media":0,"comment_status":"open","ping_status":"open","sticky":false,"template":"","format":"standard","meta":{"footnotes":""},"categories":[98],"tags":[],"_links":{"self":[{"href":"https:\/\/acs.org.br\/academy\/wp-json\/wp\/v2\/posts\/91293"}],"collection":[{"href":"https:\/\/acs.org.br\/academy\/wp-json\/wp\/v2\/posts"}],"about":[{"href":"https:\/\/acs.org.br\/academy\/wp-json\/wp\/v2\/types\/post"}],"author":[{"embeddable":true,"href":"https:\/\/acs.org.br\/academy\/wp-json\/wp\/v2\/users\/1"}],"replies":[{"embeddable":true,"href":"https:\/\/acs.org.br\/academy\/wp-json\/wp\/v2\/comments?post=91293"}],"version-history":[{"count":0,"href":"https:\/\/acs.org.br\/academy\/wp-json\/wp\/v2\/posts\/91293\/revisions"}],"wp:attachment":[{"href":"https:\/\/acs.org.br\/academy\/wp-json\/wp\/v2\/media?parent=91293"}],"wp:term":[{"taxonomy":"category","embeddable":true,"href":"https:\/\/acs.org.br\/academy\/wp-json\/wp\/v2\/categories?post=91293"},{"taxonomy":"post_tag","embeddable":true,"href":"https:\/\/acs.org.br\/academy\/wp-json\/wp\/v2\/tags?post=91293"}],"curies":[{"name":"wp","href":"https:\/\/api.w.org\/{rel}","templated":true}]}}