{"id":91291,"date":"2020-03-04T00:00:00","date_gmt":"2020-03-04T03:00:00","guid":{"rendered":"http:\/\/127.0.0.1\/acs\/coordenadoria-da-acs-jovem-toma-posse-a-tribuna-04032020\/"},"modified":"2020-03-04T00:00:00","modified_gmt":"2020-03-04T03:00:00","slug":"coordenadoria-da-acs-jovem-toma-posse-a-tribuna-04032020","status":"publish","type":"post","link":"https:\/\/acs.org.br\/academy\/coordenadoria-da-acs-jovem-toma-posse-a-tribuna-04032020\/","title":{"rendered":"Coordenadoria da ACS Jovem toma posse -A Tribuna &#8211; 04.03.2020"},"content":{"rendered":"<p>Fonte: A Tribuna&nbsp;<\/p>\n<p>A nova coordenadoria do N\u00facleo de Jovens Empreendedores da Associa\u00e7\u00e3o Comercial de Santos (ACS) &#8211; ACS Jovem j\u00e1 tomou posse e tem como meta estimular o empreendedorismo e formar lideran\u00e7as.&nbsp;<\/p>\n<p><a href=\"http:\/\/127.0.0.1\/acs\/wp-content\/uploads\/2020\/03\/PDF_2020_MARCO_ACSJOVEMPOSSEIMPRESSO.pdf\">LEIA MAIS&#8230;<\/a><\/p>\n<p>\u00a0<\/p>\n","protected":false},"excerpt":{"rendered":"<p>Fonte: A Tribuna&nbsp; A nova coordenadoria do N\u00facleo de Jovens Empreendedores da Associa\u00e7\u00e3o Comercial de Santos (ACS) &#8211; ACS Jovem j\u00e1 tomou posse e tem como meta estimular o empreendedorismo e formar lideran\u00e7as.&nbsp; LEIA MAIS&#8230; \u00a0<\/p>\n","protected":false},"author":1,"featured_media":0,"comment_status":"open","ping_status":"open","sticky":false,"template":"","format":"standard","meta":{"footnotes":""},"categories":[98],"tags":[],"_links":{"self":[{"href":"https:\/\/acs.org.br\/academy\/wp-json\/wp\/v2\/posts\/91291"}],"collection":[{"href":"https:\/\/acs.org.br\/academy\/wp-json\/wp\/v2\/posts"}],"about":[{"href":"https:\/\/acs.org.br\/academy\/wp-json\/wp\/v2\/types\/post"}],"author":[{"embeddable":true,"href":"https:\/\/acs.org.br\/academy\/wp-json\/wp\/v2\/users\/1"}],"replies":[{"embeddable":true,"href":"https:\/\/acs.org.br\/academy\/wp-json\/wp\/v2\/comments?post=91291"}],"version-history":[{"count":0,"href":"https:\/\/acs.org.br\/academy\/wp-json\/wp\/v2\/posts\/91291\/revisions"}],"wp:attachment":[{"href":"https:\/\/acs.org.br\/academy\/wp-json\/wp\/v2\/media?parent=91291"}],"wp:term":[{"taxonomy":"category","embeddable":true,"href":"https:\/\/acs.org.br\/academy\/wp-json\/wp\/v2\/categories?post=91291"},{"taxonomy":"post_tag","embeddable":true,"href":"https:\/\/acs.org.br\/academy\/wp-json\/wp\/v2\/tags?post=91291"}],"curies":[{"name":"wp","href":"https:\/\/api.w.org\/{rel}","templated":true}]}}