{"id":91287,"date":"2020-03-06T16:45:11","date_gmt":"2020-03-06T19:45:11","guid":{"rendered":"http:\/\/127.0.0.1\/acs\/nova-coordenadoria-da-acs-jovem-toma-posse-em-santos-03032020-a-tribuna\/"},"modified":"2020-03-06T16:45:11","modified_gmt":"2020-03-06T19:45:11","slug":"nova-coordenadoria-da-acs-jovem-toma-posse-em-santos-03032020-a-tribuna","status":"publish","type":"post","link":"https:\/\/acs.org.br\/academy\/nova-coordenadoria-da-acs-jovem-toma-posse-em-santos-03032020-a-tribuna\/","title":{"rendered":"Nova coordenadoria da ACS Jovem toma posse em Santos &#8211; 03.03.2020. &#8211; A Tribuna"},"content":{"rendered":"<p>Fonte: A Tribuna<\/p>\n<p>A nova coordenadoria do N\u00facleo de Jovens Empreendedores da Associa\u00e7\u00e3o Comercial de Santpos (ACS) &#8211; ACS Jovem j\u00e1 tomou posse e promete muito dinamismo na nova gest\u00e3o.&nbsp;<\/p>\n<p><a target=\"_blank\" href=\"http:\/\/127.0.0.1\/acs\/wp-content\/uploads\/2020\/03\/PDF_2020_MARCO_ACSJOVEM0603.PDF\" rel=\"noopener\">LEIA MAIS&#8230;.<\/a><\/p>\n<p>\u00a0<\/p>\n<p>\u00a0<\/p>\n","protected":false},"excerpt":{"rendered":"<p>Fonte: A Tribuna A nova coordenadoria do N\u00facleo de Jovens Empreendedores da Associa\u00e7\u00e3o Comercial de Santpos (ACS) &#8211; ACS Jovem j\u00e1 tomou posse e promete muito dinamismo na nova gest\u00e3o.&nbsp; LEIA MAIS&#8230;. \u00a0 \u00a0<\/p>\n","protected":false},"author":1,"featured_media":0,"comment_status":"open","ping_status":"open","sticky":false,"template":"","format":"standard","meta":{"footnotes":""},"categories":[98],"tags":[],"_links":{"self":[{"href":"https:\/\/acs.org.br\/academy\/wp-json\/wp\/v2\/posts\/91287"}],"collection":[{"href":"https:\/\/acs.org.br\/academy\/wp-json\/wp\/v2\/posts"}],"about":[{"href":"https:\/\/acs.org.br\/academy\/wp-json\/wp\/v2\/types\/post"}],"author":[{"embeddable":true,"href":"https:\/\/acs.org.br\/academy\/wp-json\/wp\/v2\/users\/1"}],"replies":[{"embeddable":true,"href":"https:\/\/acs.org.br\/academy\/wp-json\/wp\/v2\/comments?post=91287"}],"version-history":[{"count":0,"href":"https:\/\/acs.org.br\/academy\/wp-json\/wp\/v2\/posts\/91287\/revisions"}],"wp:attachment":[{"href":"https:\/\/acs.org.br\/academy\/wp-json\/wp\/v2\/media?parent=91287"}],"wp:term":[{"taxonomy":"category","embeddable":true,"href":"https:\/\/acs.org.br\/academy\/wp-json\/wp\/v2\/categories?post=91287"},{"taxonomy":"post_tag","embeddable":true,"href":"https:\/\/acs.org.br\/academy\/wp-json\/wp\/v2\/tags?post=91287"}],"curies":[{"name":"wp","href":"https:\/\/api.w.org\/{rel}","templated":true}]}}