{"id":91285,"date":"2020-03-02T00:00:00","date_gmt":"2020-03-02T03:00:00","guid":{"rendered":"http:\/\/127.0.0.1\/acs\/cerimonia-de-posse-da-nova-coordenadoria-da-acs-jovem-ocorre-nesta-terca-feira-02-03-2020-santaportal\/"},"modified":"2020-03-02T00:00:00","modified_gmt":"2020-03-02T03:00:00","slug":"cerimonia-de-posse-da-nova-coordenadoria-da-acs-jovem-ocorre-nesta-terca-feira-02-03-2020-santaportal","status":"publish","type":"post","link":"https:\/\/acs.org.br\/academy\/cerimonia-de-posse-da-nova-coordenadoria-da-acs-jovem-ocorre-nesta-terca-feira-02-03-2020-santaportal\/","title":{"rendered":"Cerim\u00f4nia de posse da nova coordenadoria da ACS Jovem ocorre nesta ter\u00e7a-feira &#8211; 02-03-2020-  Santaportal"},"content":{"rendered":"<p>Fonte: Santaportal<\/p>\n<p>A nova coordenadoria do N\u00facleo de Jovens Empreendedores da&nbsp;Associa\u00e7\u00e3o&nbsp;Comercial&nbsp;de Santos (ACS) &#8211; ACS Jovem tomar\u00e1 posse nesta ter\u00e7a-feira (3), \u00e0s 18h30, no Audit\u00f3rio da ACS.<\/p>\n<p><a href=\"http:\/\/127.0.0.1\/acs\/wp-content\/uploads\/2020\/03\/PDF_2020_MARCO_SANTAASCSJOVEM1.PDF\" target=\"_blank\" rel=\"noopener\">LEIA MAIS&#8230;<\/a><\/p>\n<p>\u00a0<\/p>\n","protected":false},"excerpt":{"rendered":"<p>Fonte: Santaportal A nova coordenadoria do N\u00facleo de Jovens Empreendedores da&nbsp;Associa\u00e7\u00e3o&nbsp;Comercial&nbsp;de Santos (ACS) &#8211; ACS Jovem tomar\u00e1 posse nesta ter\u00e7a-feira (3), \u00e0s 18h30, no Audit\u00f3rio da ACS. LEIA MAIS&#8230; \u00a0<\/p>\n","protected":false},"author":1,"featured_media":0,"comment_status":"open","ping_status":"open","sticky":false,"template":"","format":"standard","meta":{"footnotes":""},"categories":[98],"tags":[],"_links":{"self":[{"href":"https:\/\/acs.org.br\/academy\/wp-json\/wp\/v2\/posts\/91285"}],"collection":[{"href":"https:\/\/acs.org.br\/academy\/wp-json\/wp\/v2\/posts"}],"about":[{"href":"https:\/\/acs.org.br\/academy\/wp-json\/wp\/v2\/types\/post"}],"author":[{"embeddable":true,"href":"https:\/\/acs.org.br\/academy\/wp-json\/wp\/v2\/users\/1"}],"replies":[{"embeddable":true,"href":"https:\/\/acs.org.br\/academy\/wp-json\/wp\/v2\/comments?post=91285"}],"version-history":[{"count":0,"href":"https:\/\/acs.org.br\/academy\/wp-json\/wp\/v2\/posts\/91285\/revisions"}],"wp:attachment":[{"href":"https:\/\/acs.org.br\/academy\/wp-json\/wp\/v2\/media?parent=91285"}],"wp:term":[{"taxonomy":"category","embeddable":true,"href":"https:\/\/acs.org.br\/academy\/wp-json\/wp\/v2\/categories?post=91285"},{"taxonomy":"post_tag","embeddable":true,"href":"https:\/\/acs.org.br\/academy\/wp-json\/wp\/v2\/tags?post=91285"}],"curies":[{"name":"wp","href":"https:\/\/api.w.org\/{rel}","templated":true}]}}