{"id":91283,"date":"2020-03-04T00:00:00","date_gmt":"2020-03-04T03:00:00","guid":{"rendered":"http:\/\/127.0.0.1\/acs\/nova-diretoria-da-acs-jovem-toma-posse-e-promete-dinamismo-04-03-2020-santaportal\/"},"modified":"2020-03-04T00:00:00","modified_gmt":"2020-03-04T03:00:00","slug":"nova-diretoria-da-acs-jovem-toma-posse-e-promete-dinamismo-04-03-2020-santaportal","status":"publish","type":"post","link":"https:\/\/acs.org.br\/academy\/nova-diretoria-da-acs-jovem-toma-posse-e-promete-dinamismo-04-03-2020-santaportal\/","title":{"rendered":"Nova diretoria da ACS Jovem toma posse e promete dinamismo &#8211; 04-03-2020 &#8211; Santaportal"},"content":{"rendered":"<p>Fonte: Santaportal<\/p>\n<p>A nova diretoria da Coordenadoria Jovem da Associa\u00e7\u00e3o Comercial de Santos &#8211; ACS Jovem &#8211; tomou posse na noite desta ter\u00e7a-feira em Santos.<\/p>\n<p><a href=\"http:\/\/127.0.0.1\/acs\/wp-content\/uploads\/2020\/03\/PDF_2020_MARCO_POSSEACSJOVEMSANTA1.PDF\" target=\"_blank\" rel=\"noopener\">LEIA MAIS..<\/a>.&nbsp;<\/p>\n","protected":false},"excerpt":{"rendered":"<p>Fonte: Santaportal A nova diretoria da Coordenadoria Jovem da Associa\u00e7\u00e3o Comercial de Santos &#8211; ACS Jovem &#8211; tomou posse na noite desta ter\u00e7a-feira em Santos. LEIA MAIS&#8230;&nbsp;<\/p>\n","protected":false},"author":1,"featured_media":0,"comment_status":"open","ping_status":"open","sticky":false,"template":"","format":"standard","meta":{"footnotes":""},"categories":[98],"tags":[],"_links":{"self":[{"href":"https:\/\/acs.org.br\/academy\/wp-json\/wp\/v2\/posts\/91283"}],"collection":[{"href":"https:\/\/acs.org.br\/academy\/wp-json\/wp\/v2\/posts"}],"about":[{"href":"https:\/\/acs.org.br\/academy\/wp-json\/wp\/v2\/types\/post"}],"author":[{"embeddable":true,"href":"https:\/\/acs.org.br\/academy\/wp-json\/wp\/v2\/users\/1"}],"replies":[{"embeddable":true,"href":"https:\/\/acs.org.br\/academy\/wp-json\/wp\/v2\/comments?post=91283"}],"version-history":[{"count":0,"href":"https:\/\/acs.org.br\/academy\/wp-json\/wp\/v2\/posts\/91283\/revisions"}],"wp:attachment":[{"href":"https:\/\/acs.org.br\/academy\/wp-json\/wp\/v2\/media?parent=91283"}],"wp:term":[{"taxonomy":"category","embeddable":true,"href":"https:\/\/acs.org.br\/academy\/wp-json\/wp\/v2\/categories?post=91283"},{"taxonomy":"post_tag","embeddable":true,"href":"https:\/\/acs.org.br\/academy\/wp-json\/wp\/v2\/tags?post=91283"}],"curies":[{"name":"wp","href":"https:\/\/api.w.org\/{rel}","templated":true}]}}