{"id":91195,"date":"2020-02-25T00:00:00","date_gmt":"2020-02-25T03:00:00","guid":{"rendered":"http:\/\/127.0.0.1\/acs\/projeto-vai-otimizar-trafego-de-navios-a-tribuna-25-02-2020\/"},"modified":"2020-02-25T00:00:00","modified_gmt":"2020-02-25T03:00:00","slug":"projeto-vai-otimizar-trafego-de-navios-a-tribuna-25-02-2020","status":"publish","type":"post","link":"https:\/\/acs.org.br\/academy\/projeto-vai-otimizar-trafego-de-navios-a-tribuna-25-02-2020\/","title":{"rendered":"Projeto vai otimizar tr\u00e1fego de navios &#8211;  A Tribuna &#8211; 25\/02\/2020"},"content":{"rendered":"<p>Fonte: A Tribuna&nbsp;<\/p>\n<p>Automizar a gest\u00e3o da entrada e sa\u00edda de navios no canal do Porto de Santos, garantindo intelig\u00eancia e confiabilidade ao processo.&nbsp;<\/p>\n<p><a href=\"http:\/\/127.0.0.1\/acs\/wp-content\/uploads\/2020\/02\/PDF_2020_FEVEREIRO_PORTOPSC-28.pdf\" target=\"_blank\" rel=\"noopener\">LEIA MAIS&#8230;&nbsp;<\/a><\/p>\n","protected":false},"excerpt":{"rendered":"<p>Fonte: A Tribuna&nbsp; Automizar a gest\u00e3o da entrada e sa\u00edda de navios no canal do Porto de Santos, garantindo intelig\u00eancia e confiabilidade ao processo.&nbsp; LEIA MAIS&#8230;&nbsp;<\/p>\n","protected":false},"author":1,"featured_media":0,"comment_status":"open","ping_status":"open","sticky":false,"template":"","format":"standard","meta":{"footnotes":""},"categories":[98],"tags":[],"_links":{"self":[{"href":"https:\/\/acs.org.br\/academy\/wp-json\/wp\/v2\/posts\/91195"}],"collection":[{"href":"https:\/\/acs.org.br\/academy\/wp-json\/wp\/v2\/posts"}],"about":[{"href":"https:\/\/acs.org.br\/academy\/wp-json\/wp\/v2\/types\/post"}],"author":[{"embeddable":true,"href":"https:\/\/acs.org.br\/academy\/wp-json\/wp\/v2\/users\/1"}],"replies":[{"embeddable":true,"href":"https:\/\/acs.org.br\/academy\/wp-json\/wp\/v2\/comments?post=91195"}],"version-history":[{"count":0,"href":"https:\/\/acs.org.br\/academy\/wp-json\/wp\/v2\/posts\/91195\/revisions"}],"wp:attachment":[{"href":"https:\/\/acs.org.br\/academy\/wp-json\/wp\/v2\/media?parent=91195"}],"wp:term":[{"taxonomy":"category","embeddable":true,"href":"https:\/\/acs.org.br\/academy\/wp-json\/wp\/v2\/categories?post=91195"},{"taxonomy":"post_tag","embeddable":true,"href":"https:\/\/acs.org.br\/academy\/wp-json\/wp\/v2\/tags?post=91195"}],"curies":[{"name":"wp","href":"https:\/\/api.w.org\/{rel}","templated":true}]}}