{"id":91193,"date":"2020-02-28T15:21:19","date_gmt":"2020-02-28T18:21:19","guid":{"rendered":"http:\/\/127.0.0.1\/acs\/unesco-faz-visita-tecnica-em-santos-para-conferencia-a-tribuna-28-02-2020\/"},"modified":"2020-02-28T15:21:19","modified_gmt":"2020-02-28T18:21:19","slug":"unesco-faz-visita-tecnica-em-santos-para-conferencia-a-tribuna-28-02-2020","status":"publish","type":"post","link":"https:\/\/acs.org.br\/academy\/unesco-faz-visita-tecnica-em-santos-para-conferencia-a-tribuna-28-02-2020\/","title":{"rendered":"Unesco faz visita t\u00e9cnica em Santos para confer\u00eancia &#8211; A  Tribuna &#8211; 28-02-2020"},"content":{"rendered":"<p>Fonte: A Tribuna<\/p>\n<p>At\u00e9 domingo, Santos recebe a vista especial de dois estrangeiros, que v\u00eam com a miss\u00e3o de conhecer os espa\u00e7os que v\u00e3o sediar os eventos da 14\u00aa Confer\u00eancia Anual de Cidade Criativas da Organiza\u00e7\u00e3o das Na\u00e7\u00f5es (ONU) para a Educa\u00e7\u00e3o, a Ci\u00eancia e a Cultura (Unesco), que acontece entre os dias 13 e 17 de julho.<\/p>\n<p><a href=\"http:\/\/127.0.0.1\/acs\/wp-content\/uploads\/2020\/02\/PDF_2020_FEVEREIRO_UNESCO2802.pdf\">LEIA MAIS&#8230;<\/a><\/p>\n","protected":false},"excerpt":{"rendered":"<p>Fonte: A Tribuna At\u00e9 domingo, Santos recebe a vista especial de dois estrangeiros, que v\u00eam com a miss\u00e3o de conhecer os espa\u00e7os que v\u00e3o sediar os eventos da 14\u00aa Confer\u00eancia Anual de Cidade Criativas da Organiza\u00e7\u00e3o das Na\u00e7\u00f5es (ONU) para a Educa\u00e7\u00e3o, a Ci\u00eancia e a Cultura (Unesco), que acontece entre os dias 13 e [&hellip;]<\/p>\n","protected":false},"author":1,"featured_media":0,"comment_status":"open","ping_status":"open","sticky":false,"template":"","format":"standard","meta":{"footnotes":""},"categories":[98],"tags":[],"_links":{"self":[{"href":"https:\/\/acs.org.br\/academy\/wp-json\/wp\/v2\/posts\/91193"}],"collection":[{"href":"https:\/\/acs.org.br\/academy\/wp-json\/wp\/v2\/posts"}],"about":[{"href":"https:\/\/acs.org.br\/academy\/wp-json\/wp\/v2\/types\/post"}],"author":[{"embeddable":true,"href":"https:\/\/acs.org.br\/academy\/wp-json\/wp\/v2\/users\/1"}],"replies":[{"embeddable":true,"href":"https:\/\/acs.org.br\/academy\/wp-json\/wp\/v2\/comments?post=91193"}],"version-history":[{"count":0,"href":"https:\/\/acs.org.br\/academy\/wp-json\/wp\/v2\/posts\/91193\/revisions"}],"wp:attachment":[{"href":"https:\/\/acs.org.br\/academy\/wp-json\/wp\/v2\/media?parent=91193"}],"wp:term":[{"taxonomy":"category","embeddable":true,"href":"https:\/\/acs.org.br\/academy\/wp-json\/wp\/v2\/categories?post=91193"},{"taxonomy":"post_tag","embeddable":true,"href":"https:\/\/acs.org.br\/academy\/wp-json\/wp\/v2\/tags?post=91193"}],"curies":[{"name":"wp","href":"https:\/\/api.w.org\/{rel}","templated":true}]}}