{"id":91109,"date":"2020-02-14T00:00:00","date_gmt":"2020-02-14T03:00:00","guid":{"rendered":"http:\/\/127.0.0.1\/acs\/associacao-comercial-de-santos-tera-eleicao-em-marco-a-tribuna-14-02-2020\/"},"modified":"2020-02-14T00:00:00","modified_gmt":"2020-02-14T03:00:00","slug":"associacao-comercial-de-santos-tera-eleicao-em-marco-a-tribuna-14-02-2020","status":"publish","type":"post","link":"https:\/\/acs.org.br\/academy\/associacao-comercial-de-santos-tera-eleicao-em-marco-a-tribuna-14-02-2020\/","title":{"rendered":"Associa\u00e7\u00e3o Comercial de Santos ter\u00e1 elei\u00e7\u00e3o em mar\u00e7o &#8211; A Tribuna &#8211; 14\/02\/2020"},"content":{"rendered":"<p>Fonte: A Tribuna digital<\/p>\n<p>Os membros da Associa\u00e7\u00e3o Comercial de Santos (ACS) votar\u00e3o, em mar\u00e7o, para a nova diretoria para o tri\u00eanio de 2020-2023.<\/p>\n<p><a target=\"_blank\" href=\"images\/stories\/PDF\/2020\/FEVEREIRO\/ELEICAO-TRIDIG-14.pdf\" rel=\"noopener\">LEIA MAIS&#8230;<\/a><\/p>\n<p>\u00a0<\/p>\n","protected":false},"excerpt":{"rendered":"<p>Fonte: A Tribuna digital Os membros da Associa\u00e7\u00e3o Comercial de Santos (ACS) votar\u00e3o, em mar\u00e7o, para a nova diretoria para o tri\u00eanio de 2020-2023. LEIA MAIS&#8230; \u00a0<\/p>\n","protected":false},"author":1,"featured_media":0,"comment_status":"open","ping_status":"open","sticky":false,"template":"","format":"standard","meta":{"footnotes":""},"categories":[98],"tags":[],"_links":{"self":[{"href":"https:\/\/acs.org.br\/academy\/wp-json\/wp\/v2\/posts\/91109"}],"collection":[{"href":"https:\/\/acs.org.br\/academy\/wp-json\/wp\/v2\/posts"}],"about":[{"href":"https:\/\/acs.org.br\/academy\/wp-json\/wp\/v2\/types\/post"}],"author":[{"embeddable":true,"href":"https:\/\/acs.org.br\/academy\/wp-json\/wp\/v2\/users\/1"}],"replies":[{"embeddable":true,"href":"https:\/\/acs.org.br\/academy\/wp-json\/wp\/v2\/comments?post=91109"}],"version-history":[{"count":0,"href":"https:\/\/acs.org.br\/academy\/wp-json\/wp\/v2\/posts\/91109\/revisions"}],"wp:attachment":[{"href":"https:\/\/acs.org.br\/academy\/wp-json\/wp\/v2\/media?parent=91109"}],"wp:term":[{"taxonomy":"category","embeddable":true,"href":"https:\/\/acs.org.br\/academy\/wp-json\/wp\/v2\/categories?post=91109"},{"taxonomy":"post_tag","embeddable":true,"href":"https:\/\/acs.org.br\/academy\/wp-json\/wp\/v2\/tags?post=91109"}],"curies":[{"name":"wp","href":"https:\/\/api.w.org\/{rel}","templated":true}]}}