{"id":91085,"date":"2020-02-17T00:00:00","date_gmt":"2020-02-17T03:00:00","guid":{"rendered":"http:\/\/127.0.0.1\/acs\/inscricoes-para-o-i-seminario-universidade-empresa-da-baixada-santista-comecam-nesta-segunda-feira-facesp-17-02-2020\/"},"modified":"2020-02-17T00:00:00","modified_gmt":"2020-02-17T03:00:00","slug":"inscricoes-para-o-i-seminario-universidade-empresa-da-baixada-santista-comecam-nesta-segunda-feira-facesp-17-02-2020","status":"publish","type":"post","link":"https:\/\/acs.org.br\/academy\/inscricoes-para-o-i-seminario-universidade-empresa-da-baixada-santista-comecam-nesta-segunda-feira-facesp-17-02-2020\/","title":{"rendered":"Inscri\u00e7\u00f5es para o &#8216;I Semin\u00e1rio Universidade-Empresa da Baixada Santista&#8221; come\u00e7am nesta segunda-feira &#8211; Facesp -17\/02\/2020"},"content":{"rendered":"<p>Fonte: Facesp<\/p>\n<p>As inscri\u00e7\u00f5es para o &#8216;I Semin\u00e1rio Universidade-Empresa da Baixada Santista&#8217;, promovido pela C\u00e2mara Setorial das Institui\u00e7\u00f5es de Ensino da Associa\u00e7\u00e3o Comercial de Santos (ACS), come\u00e7am nesta segunda-feira (17).<\/p>\n<p><a target=\"_blank\" href=\"http:\/\/127.0.0.1\/acs\/wp-content\/uploads\/2020\/02\/PDF_2020_FEVEREIRO_Facesp1702.pdf\" rel=\"noopener\">LEIA MAIS&#8230;<\/a><\/p>\n<p>\u00a0<\/p>\n","protected":false},"excerpt":{"rendered":"<p>Fonte: Facesp As inscri\u00e7\u00f5es para o &#8216;I Semin\u00e1rio Universidade-Empresa da Baixada Santista&#8217;, promovido pela C\u00e2mara Setorial das Institui\u00e7\u00f5es de Ensino da Associa\u00e7\u00e3o Comercial de Santos (ACS), come\u00e7am nesta segunda-feira (17). LEIA MAIS&#8230; \u00a0<\/p>\n","protected":false},"author":1,"featured_media":0,"comment_status":"open","ping_status":"open","sticky":false,"template":"","format":"standard","meta":{"footnotes":""},"categories":[98],"tags":[],"_links":{"self":[{"href":"https:\/\/acs.org.br\/academy\/wp-json\/wp\/v2\/posts\/91085"}],"collection":[{"href":"https:\/\/acs.org.br\/academy\/wp-json\/wp\/v2\/posts"}],"about":[{"href":"https:\/\/acs.org.br\/academy\/wp-json\/wp\/v2\/types\/post"}],"author":[{"embeddable":true,"href":"https:\/\/acs.org.br\/academy\/wp-json\/wp\/v2\/users\/1"}],"replies":[{"embeddable":true,"href":"https:\/\/acs.org.br\/academy\/wp-json\/wp\/v2\/comments?post=91085"}],"version-history":[{"count":0,"href":"https:\/\/acs.org.br\/academy\/wp-json\/wp\/v2\/posts\/91085\/revisions"}],"wp:attachment":[{"href":"https:\/\/acs.org.br\/academy\/wp-json\/wp\/v2\/media?parent=91085"}],"wp:term":[{"taxonomy":"category","embeddable":true,"href":"https:\/\/acs.org.br\/academy\/wp-json\/wp\/v2\/categories?post=91085"},{"taxonomy":"post_tag","embeddable":true,"href":"https:\/\/acs.org.br\/academy\/wp-json\/wp\/v2\/tags?post=91085"}],"curies":[{"name":"wp","href":"https:\/\/api.w.org\/{rel}","templated":true}]}}