{"id":91083,"date":"2020-02-14T00:00:00","date_gmt":"2020-02-14T03:00:00","guid":{"rendered":"http:\/\/127.0.0.1\/acs\/delegacao-belga-visita-associacao-comercial-de-santos-facesp-14-02-2020\/"},"modified":"2020-02-14T00:00:00","modified_gmt":"2020-02-14T03:00:00","slug":"delegacao-belga-visita-associacao-comercial-de-santos-facesp-14-02-2020","status":"publish","type":"post","link":"https:\/\/acs.org.br\/academy\/delegacao-belga-visita-associacao-comercial-de-santos-facesp-14-02-2020\/","title":{"rendered":"Delega\u00e7\u00e3o Belga visita Associa\u00e7\u00e3o Comercial de Santos &#8211; Facesp -14\/02\/2020"},"content":{"rendered":"<p>Fonte: Facesp<\/p>\n<p>Uma delega\u00e7\u00e3o da B\u00e9lgica esteve em Santos nesta quinta-feira (13) e aproveitou para visitar a Associa\u00e7\u00e3o Comercial de Santos (ACS). Eles foram recebidos pelos diretores da ACS, Marcio Calves e Gustavo Pierotti.<\/p>\n<p><a href=\"http:\/\/127.0.0.1\/acs\/wp-content\/uploads\/2020\/02\/PDF_2020_FEVEREIRO_FACESP14.pdf\" target=\"_blank\" rel=\"noopener\">LEIA MAIS&#8230;<\/a><\/p>\n","protected":false},"excerpt":{"rendered":"<p>Fonte: Facesp Uma delega\u00e7\u00e3o da B\u00e9lgica esteve em Santos nesta quinta-feira (13) e aproveitou para visitar a Associa\u00e7\u00e3o Comercial de Santos (ACS). Eles foram recebidos pelos diretores da ACS, Marcio Calves e Gustavo Pierotti. LEIA MAIS&#8230;<\/p>\n","protected":false},"author":1,"featured_media":0,"comment_status":"open","ping_status":"open","sticky":false,"template":"","format":"standard","meta":{"footnotes":""},"categories":[98],"tags":[],"_links":{"self":[{"href":"https:\/\/acs.org.br\/academy\/wp-json\/wp\/v2\/posts\/91083"}],"collection":[{"href":"https:\/\/acs.org.br\/academy\/wp-json\/wp\/v2\/posts"}],"about":[{"href":"https:\/\/acs.org.br\/academy\/wp-json\/wp\/v2\/types\/post"}],"author":[{"embeddable":true,"href":"https:\/\/acs.org.br\/academy\/wp-json\/wp\/v2\/users\/1"}],"replies":[{"embeddable":true,"href":"https:\/\/acs.org.br\/academy\/wp-json\/wp\/v2\/comments?post=91083"}],"version-history":[{"count":0,"href":"https:\/\/acs.org.br\/academy\/wp-json\/wp\/v2\/posts\/91083\/revisions"}],"wp:attachment":[{"href":"https:\/\/acs.org.br\/academy\/wp-json\/wp\/v2\/media?parent=91083"}],"wp:term":[{"taxonomy":"category","embeddable":true,"href":"https:\/\/acs.org.br\/academy\/wp-json\/wp\/v2\/categories?post=91083"},{"taxonomy":"post_tag","embeddable":true,"href":"https:\/\/acs.org.br\/academy\/wp-json\/wp\/v2\/tags?post=91083"}],"curies":[{"name":"wp","href":"https:\/\/api.w.org\/{rel}","templated":true}]}}