{"id":91081,"date":"2020-02-14T00:00:00","date_gmt":"2020-02-14T03:00:00","guid":{"rendered":"http:\/\/127.0.0.1\/acs\/acs-tera-eleicao-no-proximo-mes-a-tribuna-14-02-2020\/"},"modified":"2020-02-14T00:00:00","modified_gmt":"2020-02-14T03:00:00","slug":"acs-tera-eleicao-no-proximo-mes-a-tribuna-14-02-2020","status":"publish","type":"post","link":"https:\/\/acs.org.br\/academy\/acs-tera-eleicao-no-proximo-mes-a-tribuna-14-02-2020\/","title":{"rendered":"ACS ter\u00e1 elei\u00e7\u00e3o no pr\u00f3ximo m\u00eas &#8211; A Tribuna &#8211; 14\/02\/2020"},"content":{"rendered":"<p>Fonte: A Tribuna<\/p>\n<p>Os membros da Associa\u00e7\u00e3o Comercial de Santos (ACS) votar\u00e3o no pr\u00f3ximo m\u00eas para a nova diretoria para o tri\u00eanio de 2020-2023.<\/p>\n<p><a target=\"_blank\" href=\"http:\/\/127.0.0.1\/acs\/wp-content\/uploads\/2020\/02\/PDF_2020_FEVEREIRO_ACS1402.pdf\" rel=\"noopener\">LEIA MAIS&#8230;<\/a><\/p>\n<p>\u00a0<\/p>\n<p>\u00a0<\/p>\n","protected":false},"excerpt":{"rendered":"<p>Fonte: A Tribuna Os membros da Associa\u00e7\u00e3o Comercial de Santos (ACS) votar\u00e3o no pr\u00f3ximo m\u00eas para a nova diretoria para o tri\u00eanio de 2020-2023. LEIA MAIS&#8230; \u00a0 \u00a0<\/p>\n","protected":false},"author":1,"featured_media":0,"comment_status":"open","ping_status":"open","sticky":false,"template":"","format":"standard","meta":{"footnotes":""},"categories":[98],"tags":[],"_links":{"self":[{"href":"https:\/\/acs.org.br\/academy\/wp-json\/wp\/v2\/posts\/91081"}],"collection":[{"href":"https:\/\/acs.org.br\/academy\/wp-json\/wp\/v2\/posts"}],"about":[{"href":"https:\/\/acs.org.br\/academy\/wp-json\/wp\/v2\/types\/post"}],"author":[{"embeddable":true,"href":"https:\/\/acs.org.br\/academy\/wp-json\/wp\/v2\/users\/1"}],"replies":[{"embeddable":true,"href":"https:\/\/acs.org.br\/academy\/wp-json\/wp\/v2\/comments?post=91081"}],"version-history":[{"count":0,"href":"https:\/\/acs.org.br\/academy\/wp-json\/wp\/v2\/posts\/91081\/revisions"}],"wp:attachment":[{"href":"https:\/\/acs.org.br\/academy\/wp-json\/wp\/v2\/media?parent=91081"}],"wp:term":[{"taxonomy":"category","embeddable":true,"href":"https:\/\/acs.org.br\/academy\/wp-json\/wp\/v2\/categories?post=91081"},{"taxonomy":"post_tag","embeddable":true,"href":"https:\/\/acs.org.br\/academy\/wp-json\/wp\/v2\/tags?post=91081"}],"curies":[{"name":"wp","href":"https:\/\/api.w.org\/{rel}","templated":true}]}}