{"id":91080,"date":"2020-02-14T00:00:00","date_gmt":"2020-02-14T03:00:00","guid":{"rendered":"http:\/\/127.0.0.1\/acs\/belgica-e-brasil-debatem-como-combater-trafico-a-tribuna-14-02-2020\/"},"modified":"2020-02-14T00:00:00","modified_gmt":"2020-02-14T03:00:00","slug":"belgica-e-brasil-debatem-como-combater-trafico-a-tribuna-14-02-2020","status":"publish","type":"post","link":"https:\/\/acs.org.br\/academy\/belgica-e-brasil-debatem-como-combater-trafico-a-tribuna-14-02-2020\/","title":{"rendered":"B\u00e9lgica e Brasil debatem como combater tr\u00e1fico &#8211; A Tribuna &#8211; 14\/02\/2020"},"content":{"rendered":"<p>Fonte: A Tribuna<\/p>\n<p>Os esfor\u00e7os para evitar o tr\u00e1fico de drogas entre o Porto de Santos e os complexos portu\u00e1rios da B\u00e9lgica e, ainda, o estabelecimento de parcerias e trocas comerciais, principalmente no momento em que se estuda&nbsp;&nbsp; a desestatiza\u00e7\u00e3o do cais santista.<\/p>\n<p><a href=\"http:\/\/127.0.0.1\/acs\/wp-content\/uploads\/2020\/02\/PDF_2020_FEVEREIRO_PORTO1402_BELGICA.pdf\" target=\"_blank\" rel=\"noopener\">LEIA MAIS&#8230;<\/a><\/p>\n<p>\u00a0<\/p>\n","protected":false},"excerpt":{"rendered":"<p>Fonte: A Tribuna Os esfor\u00e7os para evitar o tr\u00e1fico de drogas entre o Porto de Santos e os complexos portu\u00e1rios da B\u00e9lgica e, ainda, o estabelecimento de parcerias e trocas comerciais, principalmente no momento em que se estuda&nbsp;&nbsp; a desestatiza\u00e7\u00e3o do cais santista. LEIA MAIS&#8230; \u00a0<\/p>\n","protected":false},"author":1,"featured_media":0,"comment_status":"open","ping_status":"open","sticky":false,"template":"","format":"standard","meta":{"footnotes":""},"categories":[98],"tags":[],"_links":{"self":[{"href":"https:\/\/acs.org.br\/academy\/wp-json\/wp\/v2\/posts\/91080"}],"collection":[{"href":"https:\/\/acs.org.br\/academy\/wp-json\/wp\/v2\/posts"}],"about":[{"href":"https:\/\/acs.org.br\/academy\/wp-json\/wp\/v2\/types\/post"}],"author":[{"embeddable":true,"href":"https:\/\/acs.org.br\/academy\/wp-json\/wp\/v2\/users\/1"}],"replies":[{"embeddable":true,"href":"https:\/\/acs.org.br\/academy\/wp-json\/wp\/v2\/comments?post=91080"}],"version-history":[{"count":0,"href":"https:\/\/acs.org.br\/academy\/wp-json\/wp\/v2\/posts\/91080\/revisions"}],"wp:attachment":[{"href":"https:\/\/acs.org.br\/academy\/wp-json\/wp\/v2\/media?parent=91080"}],"wp:term":[{"taxonomy":"category","embeddable":true,"href":"https:\/\/acs.org.br\/academy\/wp-json\/wp\/v2\/categories?post=91080"},{"taxonomy":"post_tag","embeddable":true,"href":"https:\/\/acs.org.br\/academy\/wp-json\/wp\/v2\/tags?post=91080"}],"curies":[{"name":"wp","href":"https:\/\/api.w.org\/{rel}","templated":true}]}}