{"id":91072,"date":"2020-02-07T00:00:00","date_gmt":"2020-02-07T03:00:00","guid":{"rendered":"http:\/\/127.0.0.1\/acs\/curso-que-ensina-empresarios-a-exportar-inscreve-neste-mes-a-tribuna-07-02-2020\/"},"modified":"2020-02-07T00:00:00","modified_gmt":"2020-02-07T03:00:00","slug":"curso-que-ensina-empresarios-a-exportar-inscreve-neste-mes-a-tribuna-07-02-2020","status":"publish","type":"post","link":"https:\/\/acs.org.br\/academy\/curso-que-ensina-empresarios-a-exportar-inscreve-neste-mes-a-tribuna-07-02-2020\/","title":{"rendered":"Curso que ensina empres\u00e1rios a exportar inscreve neste m\u00eas &#8211; A Tribuna &#8211; 07\/02\/2020"},"content":{"rendered":"<p>Fonte: A Tribuna<\/p>\n<p>Um projeto de capacita\u00e7\u00e3o vai ensinar micros, pequenos e m\u00e9dias empresas paulistas, assim como startups a exportar.<\/p>\n<p><a target=\"_blank\" href=\"http:\/\/127.0.0.1\/acs\/wp-content\/uploads\/2020\/02\/PDF_2020_FEVEREIRO_PORTO070220.pdf\" rel=\"noopener\">LEIA MAIS&#8230;<\/a><\/p>\n<p>\u00a0<\/p>\n","protected":false},"excerpt":{"rendered":"<p>Fonte: A Tribuna Um projeto de capacita\u00e7\u00e3o vai ensinar micros, pequenos e m\u00e9dias empresas paulistas, assim como startups a exportar. LEIA MAIS&#8230; \u00a0<\/p>\n","protected":false},"author":1,"featured_media":0,"comment_status":"open","ping_status":"open","sticky":false,"template":"","format":"standard","meta":{"footnotes":""},"categories":[98],"tags":[],"_links":{"self":[{"href":"https:\/\/acs.org.br\/academy\/wp-json\/wp\/v2\/posts\/91072"}],"collection":[{"href":"https:\/\/acs.org.br\/academy\/wp-json\/wp\/v2\/posts"}],"about":[{"href":"https:\/\/acs.org.br\/academy\/wp-json\/wp\/v2\/types\/post"}],"author":[{"embeddable":true,"href":"https:\/\/acs.org.br\/academy\/wp-json\/wp\/v2\/users\/1"}],"replies":[{"embeddable":true,"href":"https:\/\/acs.org.br\/academy\/wp-json\/wp\/v2\/comments?post=91072"}],"version-history":[{"count":0,"href":"https:\/\/acs.org.br\/academy\/wp-json\/wp\/v2\/posts\/91072\/revisions"}],"wp:attachment":[{"href":"https:\/\/acs.org.br\/academy\/wp-json\/wp\/v2\/media?parent=91072"}],"wp:term":[{"taxonomy":"category","embeddable":true,"href":"https:\/\/acs.org.br\/academy\/wp-json\/wp\/v2\/categories?post=91072"},{"taxonomy":"post_tag","embeddable":true,"href":"https:\/\/acs.org.br\/academy\/wp-json\/wp\/v2\/tags?post=91072"}],"curies":[{"name":"wp","href":"https:\/\/api.w.org\/{rel}","templated":true}]}}