{"id":91071,"date":"2020-02-07T00:00:00","date_gmt":"2020-02-07T03:00:00","guid":{"rendered":"http:\/\/127.0.0.1\/acs\/i-seminario-universidade-empresa-da-baixada-santista-sera-em-15-de-abril-na-acs-santaportal-07-02-2020\/"},"modified":"2020-02-07T00:00:00","modified_gmt":"2020-02-07T03:00:00","slug":"i-seminario-universidade-empresa-da-baixada-santista-sera-em-15-de-abril-na-acs-santaportal-07-02-2020","status":"publish","type":"post","link":"https:\/\/acs.org.br\/academy\/i-seminario-universidade-empresa-da-baixada-santista-sera-em-15-de-abril-na-acs-santaportal-07-02-2020\/","title":{"rendered":"I Semin\u00e1rio Universidade-Empresa da Baixada Santista ser\u00e1 em 15 de abril, na ACS &#8211; Santaportal &#8211; 07\/02\/2020"},"content":{"rendered":"<p>&nbsp;Fonte: Santaportal<\/p>\n<p>A C\u00e2mara Setorial das Institui\u00e7\u00f5es de Ensino da Associa\u00e7\u00e3o Comercial de Santos (ACS) definiu a data para o &#8216;I Semin\u00e1rio Universidade-Empresa da Baixada Santista&#8217;.<\/p>\n<p><a href=\"http:\/\/127.0.0.1\/acs\/wp-content\/uploads\/2020\/02\/PDF_2020_FEVEREIRO_Unisanta0702.pdf\" target=\"_blank\" rel=\"noopener\">LEIA MAIS&#8230;<\/a><\/p>\n","protected":false},"excerpt":{"rendered":"<p>&nbsp;Fonte: Santaportal A C\u00e2mara Setorial das Institui\u00e7\u00f5es de Ensino da Associa\u00e7\u00e3o Comercial de Santos (ACS) definiu a data para o &#8216;I Semin\u00e1rio Universidade-Empresa da Baixada Santista&#8217;. LEIA MAIS&#8230;<\/p>\n","protected":false},"author":1,"featured_media":0,"comment_status":"open","ping_status":"open","sticky":false,"template":"","format":"standard","meta":{"footnotes":""},"categories":[98],"tags":[],"_links":{"self":[{"href":"https:\/\/acs.org.br\/academy\/wp-json\/wp\/v2\/posts\/91071"}],"collection":[{"href":"https:\/\/acs.org.br\/academy\/wp-json\/wp\/v2\/posts"}],"about":[{"href":"https:\/\/acs.org.br\/academy\/wp-json\/wp\/v2\/types\/post"}],"author":[{"embeddable":true,"href":"https:\/\/acs.org.br\/academy\/wp-json\/wp\/v2\/users\/1"}],"replies":[{"embeddable":true,"href":"https:\/\/acs.org.br\/academy\/wp-json\/wp\/v2\/comments?post=91071"}],"version-history":[{"count":0,"href":"https:\/\/acs.org.br\/academy\/wp-json\/wp\/v2\/posts\/91071\/revisions"}],"wp:attachment":[{"href":"https:\/\/acs.org.br\/academy\/wp-json\/wp\/v2\/media?parent=91071"}],"wp:term":[{"taxonomy":"category","embeddable":true,"href":"https:\/\/acs.org.br\/academy\/wp-json\/wp\/v2\/categories?post=91071"},{"taxonomy":"post_tag","embeddable":true,"href":"https:\/\/acs.org.br\/academy\/wp-json\/wp\/v2\/tags?post=91071"}],"curies":[{"name":"wp","href":"https:\/\/api.w.org\/{rel}","templated":true}]}}