{"id":91066,"date":"2020-02-04T00:00:00","date_gmt":"2020-02-04T03:00:00","guid":{"rendered":"http:\/\/127.0.0.1\/acs\/nova-diretoria-assume-em-marco-a-associacao-comercial-de-santos-para-o-trienio-2020-2023-santaportal-04-02-2020\/"},"modified":"2020-02-04T00:00:00","modified_gmt":"2020-02-04T03:00:00","slug":"nova-diretoria-assume-em-marco-a-associacao-comercial-de-santos-para-o-trienio-2020-2023-santaportal-04-02-2020","status":"publish","type":"post","link":"https:\/\/acs.org.br\/academy\/nova-diretoria-assume-em-marco-a-associacao-comercial-de-santos-para-o-trienio-2020-2023-santaportal-04-02-2020\/","title":{"rendered":"Nova diretoria assume em mar\u00e7o a Associa\u00e7\u00e3o Comercial de Santos para o tri\u00eanio 2020-2023, Santaportal &#8211; 04\/02\/2020"},"content":{"rendered":"<p>Fonte: Santaportal<\/p>\n<p>A Associa\u00e7\u00e3o Comercial de Santos teve o registro de uma chapa para a elei\u00e7\u00e3o da Diretoria Executiva e do Conselho Fiscal 2020, marcada para mar\u00e7o desse ano.<\/p>\n<p><a target=\"_blank\" href=\"http:\/\/127.0.0.1\/acs\/wp-content\/uploads\/2020\/02\/PDF_2020_FEVEREIRO_DIRETORIASANTA.pdf\" rel=\"noopener\">LEIA MAIS&#8230;<\/a><\/p>\n<p>\u00a0<\/p>\n<p>\u00a0<\/p>\n","protected":false},"excerpt":{"rendered":"<p>Fonte: Santaportal A Associa\u00e7\u00e3o Comercial de Santos teve o registro de uma chapa para a elei\u00e7\u00e3o da Diretoria Executiva e do Conselho Fiscal 2020, marcada para mar\u00e7o desse ano. LEIA MAIS&#8230; \u00a0 \u00a0<\/p>\n","protected":false},"author":1,"featured_media":0,"comment_status":"open","ping_status":"open","sticky":false,"template":"","format":"standard","meta":{"footnotes":""},"categories":[98],"tags":[],"_links":{"self":[{"href":"https:\/\/acs.org.br\/academy\/wp-json\/wp\/v2\/posts\/91066"}],"collection":[{"href":"https:\/\/acs.org.br\/academy\/wp-json\/wp\/v2\/posts"}],"about":[{"href":"https:\/\/acs.org.br\/academy\/wp-json\/wp\/v2\/types\/post"}],"author":[{"embeddable":true,"href":"https:\/\/acs.org.br\/academy\/wp-json\/wp\/v2\/users\/1"}],"replies":[{"embeddable":true,"href":"https:\/\/acs.org.br\/academy\/wp-json\/wp\/v2\/comments?post=91066"}],"version-history":[{"count":0,"href":"https:\/\/acs.org.br\/academy\/wp-json\/wp\/v2\/posts\/91066\/revisions"}],"wp:attachment":[{"href":"https:\/\/acs.org.br\/academy\/wp-json\/wp\/v2\/media?parent=91066"}],"wp:term":[{"taxonomy":"category","embeddable":true,"href":"https:\/\/acs.org.br\/academy\/wp-json\/wp\/v2\/categories?post=91066"},{"taxonomy":"post_tag","embeddable":true,"href":"https:\/\/acs.org.br\/academy\/wp-json\/wp\/v2\/tags?post=91066"}],"curies":[{"name":"wp","href":"https:\/\/api.w.org\/{rel}","templated":true}]}}