{"id":90839,"date":"2019-12-17T00:00:00","date_gmt":"2019-12-17T03:00:00","guid":{"rendered":"http:\/\/127.0.0.1\/acs\/obras-empregam-3-mil-pessoas-a-tribuna-17122019\/"},"modified":"2019-12-17T00:00:00","modified_gmt":"2019-12-17T03:00:00","slug":"obras-empregam-3-mil-pessoas-a-tribuna-17122019","status":"publish","type":"post","link":"https:\/\/acs.org.br\/academy\/obras-empregam-3-mil-pessoas-a-tribuna-17122019\/","title":{"rendered":"Obras empregam 3 mil pessoas &#8211; A Tribuna &#8211; 17\/12\/2019"},"content":{"rendered":"<p>Fonte: A Tribuna<\/p>\n<p>O canteiro de obras em que Santos se transformou no \u00faltimo ano j\u00e1 representa um dos maiores empregadores de m\u00e3o de obra da constru\u00e7\u00e3o civil na regi\u00e3o.<\/p>\n<p><a target=\"_blank\" href=\"http:\/\/127.0.0.1\/acs\/wp-content\/uploads\/2019\/12\/PDF_2019_DEZEMBRO_FISCALIZA-TRI-17.pdf\" rel=\"noopener\">LEIA MAIS&#8230;<\/a><\/p>\n<p>\u00a0<\/p>\n","protected":false},"excerpt":{"rendered":"<p>Fonte: A Tribuna O canteiro de obras em que Santos se transformou no \u00faltimo ano j\u00e1 representa um dos maiores empregadores de m\u00e3o de obra da constru\u00e7\u00e3o civil na regi\u00e3o. LEIA MAIS&#8230; \u00a0<\/p>\n","protected":false},"author":1,"featured_media":0,"comment_status":"open","ping_status":"open","sticky":false,"template":"","format":"standard","meta":{"footnotes":""},"categories":[98],"tags":[],"_links":{"self":[{"href":"https:\/\/acs.org.br\/academy\/wp-json\/wp\/v2\/posts\/90839"}],"collection":[{"href":"https:\/\/acs.org.br\/academy\/wp-json\/wp\/v2\/posts"}],"about":[{"href":"https:\/\/acs.org.br\/academy\/wp-json\/wp\/v2\/types\/post"}],"author":[{"embeddable":true,"href":"https:\/\/acs.org.br\/academy\/wp-json\/wp\/v2\/users\/1"}],"replies":[{"embeddable":true,"href":"https:\/\/acs.org.br\/academy\/wp-json\/wp\/v2\/comments?post=90839"}],"version-history":[{"count":0,"href":"https:\/\/acs.org.br\/academy\/wp-json\/wp\/v2\/posts\/90839\/revisions"}],"wp:attachment":[{"href":"https:\/\/acs.org.br\/academy\/wp-json\/wp\/v2\/media?parent=90839"}],"wp:term":[{"taxonomy":"category","embeddable":true,"href":"https:\/\/acs.org.br\/academy\/wp-json\/wp\/v2\/categories?post=90839"},{"taxonomy":"post_tag","embeddable":true,"href":"https:\/\/acs.org.br\/academy\/wp-json\/wp\/v2\/tags?post=90839"}],"curies":[{"name":"wp","href":"https:\/\/api.w.org\/{rel}","templated":true}]}}