{"id":90828,"date":"2020-01-24T00:00:00","date_gmt":"2020-01-24T03:00:00","guid":{"rendered":"http:\/\/127.0.0.1\/acs\/projeto-de-lacre-eletronico-e-apresentado-a-exportadores-de-cafe-a-tribuna-digital-24-01-2020\/"},"modified":"2020-01-24T00:00:00","modified_gmt":"2020-01-24T03:00:00","slug":"projeto-de-lacre-eletronico-e-apresentado-a-exportadores-de-cafe-a-tribuna-digital-24-01-2020","status":"publish","type":"post","link":"https:\/\/acs.org.br\/academy\/projeto-de-lacre-eletronico-e-apresentado-a-exportadores-de-cafe-a-tribuna-digital-24-01-2020\/","title":{"rendered":"Projeto de lacre eletr\u00f4nico \u00e9 apresentado a exportadores de caf\u00e9 &#8211; A Tribuna digital &#8211; 24\/01\/2020"},"content":{"rendered":"<p>Fonte: A Tribuna digital<\/p>\n<p>Um projeto in\u00e9dito no pa\u00eds, sobre a utiliza\u00e7\u00e3o de lacres eletr\u00f4nicos em cont\u00eaineres e a consequente redu\u00e7\u00e3o de riscos na cadeia de exporta\u00e7\u00e3o, foi apresentado na \u00faltima quinta-feira (23) pelo Conselho dos Exportadores de Caf\u00e9 do Brasil (Cecaf\u00e9) e pela Associa\u00e7\u00e3o Brasileira dos Terminais Retroportu\u00e1rios e das Empresas Transportadoras de Cont\u00eaineres (ABTCC).<\/p>\n<p><a target=\"_blank\" href=\"http:\/\/127.0.0.1\/acs\/wp-content\/uploads\/2020\/01\/PDF_2020_JANEIRO_CECAFE-TRIDIG-24.pdf\" rel=\"noopener\">LEIA MAIS&#8230;<\/a><\/p>\n<p>\u00a0<\/p>\n","protected":false},"excerpt":{"rendered":"<p>Fonte: A Tribuna digital Um projeto in\u00e9dito no pa\u00eds, sobre a utiliza\u00e7\u00e3o de lacres eletr\u00f4nicos em cont\u00eaineres e a consequente redu\u00e7\u00e3o de riscos na cadeia de exporta\u00e7\u00e3o, foi apresentado na \u00faltima quinta-feira (23) pelo Conselho dos Exportadores de Caf\u00e9 do Brasil (Cecaf\u00e9) e pela Associa\u00e7\u00e3o Brasileira dos Terminais Retroportu\u00e1rios e das Empresas Transportadoras de Cont\u00eaineres [&hellip;]<\/p>\n","protected":false},"author":1,"featured_media":0,"comment_status":"open","ping_status":"open","sticky":false,"template":"","format":"standard","meta":{"footnotes":""},"categories":[98],"tags":[],"_links":{"self":[{"href":"https:\/\/acs.org.br\/academy\/wp-json\/wp\/v2\/posts\/90828"}],"collection":[{"href":"https:\/\/acs.org.br\/academy\/wp-json\/wp\/v2\/posts"}],"about":[{"href":"https:\/\/acs.org.br\/academy\/wp-json\/wp\/v2\/types\/post"}],"author":[{"embeddable":true,"href":"https:\/\/acs.org.br\/academy\/wp-json\/wp\/v2\/users\/1"}],"replies":[{"embeddable":true,"href":"https:\/\/acs.org.br\/academy\/wp-json\/wp\/v2\/comments?post=90828"}],"version-history":[{"count":0,"href":"https:\/\/acs.org.br\/academy\/wp-json\/wp\/v2\/posts\/90828\/revisions"}],"wp:attachment":[{"href":"https:\/\/acs.org.br\/academy\/wp-json\/wp\/v2\/media?parent=90828"}],"wp:term":[{"taxonomy":"category","embeddable":true,"href":"https:\/\/acs.org.br\/academy\/wp-json\/wp\/v2\/categories?post=90828"},{"taxonomy":"post_tag","embeddable":true,"href":"https:\/\/acs.org.br\/academy\/wp-json\/wp\/v2\/tags?post=90828"}],"curies":[{"name":"wp","href":"https:\/\/api.w.org\/{rel}","templated":true}]}}