{"id":90824,"date":"2020-01-19T00:00:00","date_gmt":"2020-01-19T03:00:00","guid":{"rendered":"http:\/\/127.0.0.1\/acs\/familia-levy-sinonimo-de-cafe-em-santos-ha-125-anos-a-tribuna-19-01-2020\/"},"modified":"2020-01-19T00:00:00","modified_gmt":"2020-01-19T03:00:00","slug":"familia-levy-sinonimo-de-cafe-em-santos-ha-125-anos-a-tribuna-19-01-2020","status":"publish","type":"post","link":"https:\/\/acs.org.br\/academy\/familia-levy-sinonimo-de-cafe-em-santos-ha-125-anos-a-tribuna-19-01-2020\/","title":{"rendered":"Fam\u00edlia Levy, sin\u00f4nimo de caf\u00e9 em Santos h\u00e1 125 anos &#8211; A Tribuna &#8211; 19\/01\/2020"},"content":{"rendered":"<p>Fonte: A Tribuna<\/p>\n<p>A vida dos trabalhadores da fazenda de caf\u00e9 Ibicaba, na atual Cordeir\u00f3polis, no Interior do Estado, era dif\u00edcil.<\/p>\n<p><a target=\"_blank\" href=\"http:\/\/127.0.0.1\/acs\/wp-content\/uploads\/2020\/01\/PDF_2020_JANEIRO_LEVY-TRI-19.pdf\" rel=\"noopener\">LEIA MAIS&#8230;<\/a><\/p>\n<p>\u00a0<\/p>\n","protected":false},"excerpt":{"rendered":"<p>Fonte: A Tribuna A vida dos trabalhadores da fazenda de caf\u00e9 Ibicaba, na atual Cordeir\u00f3polis, no Interior do Estado, era dif\u00edcil. LEIA MAIS&#8230; \u00a0<\/p>\n","protected":false},"author":1,"featured_media":0,"comment_status":"open","ping_status":"open","sticky":false,"template":"","format":"standard","meta":{"footnotes":""},"categories":[98],"tags":[],"_links":{"self":[{"href":"https:\/\/acs.org.br\/academy\/wp-json\/wp\/v2\/posts\/90824"}],"collection":[{"href":"https:\/\/acs.org.br\/academy\/wp-json\/wp\/v2\/posts"}],"about":[{"href":"https:\/\/acs.org.br\/academy\/wp-json\/wp\/v2\/types\/post"}],"author":[{"embeddable":true,"href":"https:\/\/acs.org.br\/academy\/wp-json\/wp\/v2\/users\/1"}],"replies":[{"embeddable":true,"href":"https:\/\/acs.org.br\/academy\/wp-json\/wp\/v2\/comments?post=90824"}],"version-history":[{"count":0,"href":"https:\/\/acs.org.br\/academy\/wp-json\/wp\/v2\/posts\/90824\/revisions"}],"wp:attachment":[{"href":"https:\/\/acs.org.br\/academy\/wp-json\/wp\/v2\/media?parent=90824"}],"wp:term":[{"taxonomy":"category","embeddable":true,"href":"https:\/\/acs.org.br\/academy\/wp-json\/wp\/v2\/categories?post=90824"},{"taxonomy":"post_tag","embeddable":true,"href":"https:\/\/acs.org.br\/academy\/wp-json\/wp\/v2\/tags?post=90824"}],"curies":[{"name":"wp","href":"https:\/\/api.w.org\/{rel}","templated":true}]}}