{"id":90461,"date":"2019-12-18T17:38:59","date_gmt":"2019-12-18T20:38:59","guid":{"rendered":"http:\/\/127.0.0.1\/acs\/mapa-da-economia-paulista-entre-o-potencial-e-o-desafio-a-tribuna-digital-17122019\/"},"modified":"2019-12-18T17:38:59","modified_gmt":"2019-12-18T20:38:59","slug":"mapa-da-economia-paulista-entre-o-potencial-e-o-desafio-a-tribuna-digital-17122019","status":"publish","type":"post","link":"https:\/\/acs.org.br\/academy\/mapa-da-economia-paulista-entre-o-potencial-e-o-desafio-a-tribuna-digital-17122019\/","title":{"rendered":"Mapa da Economia Paulista: Entre o potencial e o desafio &#8211; A Tribuna digital &#8211; 17\/12\/2019"},"content":{"rendered":"<p>Fonte: A Tribuna digital<\/p>\n<p>Nem tudo s\u00e3o flores na Baixada Santista. A regi\u00e3o tem uma forte base para neg\u00f3cios e potencial de crescimento, mas sofre com problemas sociais e estruturais e precisa superar amea\u00e7as externas.<\/p>\n<p><a target=\"_blank\" href=\"http:\/\/127.0.0.1\/acs\/wp-content\/uploads\/2019\/12\/PDF_2019_DEZEMBRO_CONSELHO-TRIDIG-17.pdf\" rel=\"noopener\">LEIA MAIS&#8230;<\/a><\/p>\n<p>\u00a0<\/p>\n","protected":false},"excerpt":{"rendered":"<p>Fonte: A Tribuna digital Nem tudo s\u00e3o flores na Baixada Santista. A regi\u00e3o tem uma forte base para neg\u00f3cios e potencial de crescimento, mas sofre com problemas sociais e estruturais e precisa superar amea\u00e7as externas. LEIA MAIS&#8230; \u00a0<\/p>\n","protected":false},"author":1,"featured_media":0,"comment_status":"open","ping_status":"open","sticky":false,"template":"","format":"standard","meta":{"footnotes":""},"categories":[98],"tags":[],"_links":{"self":[{"href":"https:\/\/acs.org.br\/academy\/wp-json\/wp\/v2\/posts\/90461"}],"collection":[{"href":"https:\/\/acs.org.br\/academy\/wp-json\/wp\/v2\/posts"}],"about":[{"href":"https:\/\/acs.org.br\/academy\/wp-json\/wp\/v2\/types\/post"}],"author":[{"embeddable":true,"href":"https:\/\/acs.org.br\/academy\/wp-json\/wp\/v2\/users\/1"}],"replies":[{"embeddable":true,"href":"https:\/\/acs.org.br\/academy\/wp-json\/wp\/v2\/comments?post=90461"}],"version-history":[{"count":0,"href":"https:\/\/acs.org.br\/academy\/wp-json\/wp\/v2\/posts\/90461\/revisions"}],"wp:attachment":[{"href":"https:\/\/acs.org.br\/academy\/wp-json\/wp\/v2\/media?parent=90461"}],"wp:term":[{"taxonomy":"category","embeddable":true,"href":"https:\/\/acs.org.br\/academy\/wp-json\/wp\/v2\/categories?post=90461"},{"taxonomy":"post_tag","embeddable":true,"href":"https:\/\/acs.org.br\/academy\/wp-json\/wp\/v2\/tags?post=90461"}],"curies":[{"name":"wp","href":"https:\/\/api.w.org\/{rel}","templated":true}]}}