{"id":90430,"date":"2019-12-05T00:00:00","date_gmt":"2019-12-05T03:00:00","guid":{"rendered":"http:\/\/127.0.0.1\/acs\/associacao-comercial-recebe-encerramento-do-programa-de-pre-aceleracao-startup-sp-facesp-05-12-2019\/"},"modified":"2019-12-05T00:00:00","modified_gmt":"2019-12-05T03:00:00","slug":"associacao-comercial-recebe-encerramento-do-programa-de-pre-aceleracao-startup-sp-facesp-05-12-2019","status":"publish","type":"post","link":"https:\/\/acs.org.br\/academy\/associacao-comercial-recebe-encerramento-do-programa-de-pre-aceleracao-startup-sp-facesp-05-12-2019\/","title":{"rendered":"Associa\u00e7\u00e3o Comercial recebe encerramento do Programa de Pr\u00e9-acelera\u00e7\u00e3o Startup SP &#8211; Facesp &#8211; 05\/12\/2019"},"content":{"rendered":"<p>Fonte: Facesp<\/p>\n<p>O audit\u00f3rio da Associa\u00e7\u00e3o Comercial de Santos (ACS) recebeu na noite desta quarta-feira (04) o evento de inova\u00e7\u00e3o Demoday (dia de demonstra\u00e7\u00e3o), que encerrou o Programa de Pr\u00e9-acelera\u00e7\u00e3o Startup SP, realizado pelo Sebrae-SP &#8211; Escrit\u00f3rio Regional Baixada Santista.<\/p>\n<p><a target=\"_blank\" href=\"http:\/\/127.0.0.1\/acs\/wp-content\/uploads\/2019\/12\/PDF_2019_DEZEMBRO_SEBRAE-FACESP-05.pdf\" rel=\"noopener\">LEIA MAIS&#8230;<\/a><\/p>\n<p>\u00a0<\/p>\n","protected":false},"excerpt":{"rendered":"<p>Fonte: Facesp O audit\u00f3rio da Associa\u00e7\u00e3o Comercial de Santos (ACS) recebeu na noite desta quarta-feira (04) o evento de inova\u00e7\u00e3o Demoday (dia de demonstra\u00e7\u00e3o), que encerrou o Programa de Pr\u00e9-acelera\u00e7\u00e3o Startup SP, realizado pelo Sebrae-SP &#8211; Escrit\u00f3rio Regional Baixada Santista. LEIA MAIS&#8230; \u00a0<\/p>\n","protected":false},"author":1,"featured_media":0,"comment_status":"open","ping_status":"open","sticky":false,"template":"","format":"standard","meta":{"footnotes":""},"categories":[98],"tags":[],"_links":{"self":[{"href":"https:\/\/acs.org.br\/academy\/wp-json\/wp\/v2\/posts\/90430"}],"collection":[{"href":"https:\/\/acs.org.br\/academy\/wp-json\/wp\/v2\/posts"}],"about":[{"href":"https:\/\/acs.org.br\/academy\/wp-json\/wp\/v2\/types\/post"}],"author":[{"embeddable":true,"href":"https:\/\/acs.org.br\/academy\/wp-json\/wp\/v2\/users\/1"}],"replies":[{"embeddable":true,"href":"https:\/\/acs.org.br\/academy\/wp-json\/wp\/v2\/comments?post=90430"}],"version-history":[{"count":0,"href":"https:\/\/acs.org.br\/academy\/wp-json\/wp\/v2\/posts\/90430\/revisions"}],"wp:attachment":[{"href":"https:\/\/acs.org.br\/academy\/wp-json\/wp\/v2\/media?parent=90430"}],"wp:term":[{"taxonomy":"category","embeddable":true,"href":"https:\/\/acs.org.br\/academy\/wp-json\/wp\/v2\/categories?post=90430"},{"taxonomy":"post_tag","embeddable":true,"href":"https:\/\/acs.org.br\/academy\/wp-json\/wp\/v2\/tags?post=90430"}],"curies":[{"name":"wp","href":"https:\/\/api.w.org\/{rel}","templated":true}]}}