{"id":90424,"date":"2019-12-16T00:00:00","date_gmt":"2019-12-16T03:00:00","guid":{"rendered":"http:\/\/127.0.0.1\/acs\/17a-edicao-especial-dos-melhores-cafes-de-sao-paulo-premia-cafe-de-divinolandia-sabor-a-vida-16-12-2019\/"},"modified":"2019-12-16T00:00:00","modified_gmt":"2019-12-16T03:00:00","slug":"17a-edicao-especial-dos-melhores-cafes-de-sao-paulo-premia-cafe-de-divinolandia-sabor-a-vida-16-12-2019","status":"publish","type":"post","link":"https:\/\/acs.org.br\/academy\/17a-edicao-especial-dos-melhores-cafes-de-sao-paulo-premia-cafe-de-divinolandia-sabor-a-vida-16-12-2019\/","title":{"rendered":"17\u00aa Edi\u00e7\u00e3o Especial dos Melhores Caf\u00e9s de S\u00e3o Paulo premia caf\u00e9 de Divinol\u00e2ndia &#8211; Sabor \u00e0 Vida &#8211; 16\/12\/2019"},"content":{"rendered":"<p>Fonte: Sabor \u00e0 Vida<\/p>\n<p>A cafeicultora Mariana Martins de Souza, de Divinol\u00e2ndia, foi eleita a campe\u00e3 do concurso estadual que avaliou os dez melhores lotes de caf\u00e9s especiais de S\u00e3o Paulo e recebeu um certificado durante a 17\u00aa Edi\u00e7\u00e3o Especial dos Melhores Caf\u00e9s de S\u00e3o Paulo, evento promovido na \u00faltima sexta-feira (13) no Pal\u00e1cio dos Bandeirantes.<\/p>\n<p><a href=\"http:\/\/127.0.0.1\/acs\/wp-content\/uploads\/2019\/12\/PDF_2019_DEZEMBRO_PREMIACAO-SABOR-16.pdf\" target=\"_blank\" rel=\"noopener\">LEIA MAIS&#8230;<\/a><\/p>\n","protected":false},"excerpt":{"rendered":"<p>Fonte: Sabor \u00e0 Vida A cafeicultora Mariana Martins de Souza, de Divinol\u00e2ndia, foi eleita a campe\u00e3 do concurso estadual que avaliou os dez melhores lotes de caf\u00e9s especiais de S\u00e3o Paulo e recebeu um certificado durante a 17\u00aa Edi\u00e7\u00e3o Especial dos Melhores Caf\u00e9s de S\u00e3o Paulo, evento promovido na \u00faltima sexta-feira (13) no Pal\u00e1cio dos [&hellip;]<\/p>\n","protected":false},"author":1,"featured_media":0,"comment_status":"open","ping_status":"open","sticky":false,"template":"","format":"standard","meta":{"footnotes":""},"categories":[98],"tags":[],"_links":{"self":[{"href":"https:\/\/acs.org.br\/academy\/wp-json\/wp\/v2\/posts\/90424"}],"collection":[{"href":"https:\/\/acs.org.br\/academy\/wp-json\/wp\/v2\/posts"}],"about":[{"href":"https:\/\/acs.org.br\/academy\/wp-json\/wp\/v2\/types\/post"}],"author":[{"embeddable":true,"href":"https:\/\/acs.org.br\/academy\/wp-json\/wp\/v2\/users\/1"}],"replies":[{"embeddable":true,"href":"https:\/\/acs.org.br\/academy\/wp-json\/wp\/v2\/comments?post=90424"}],"version-history":[{"count":0,"href":"https:\/\/acs.org.br\/academy\/wp-json\/wp\/v2\/posts\/90424\/revisions"}],"wp:attachment":[{"href":"https:\/\/acs.org.br\/academy\/wp-json\/wp\/v2\/media?parent=90424"}],"wp:term":[{"taxonomy":"category","embeddable":true,"href":"https:\/\/acs.org.br\/academy\/wp-json\/wp\/v2\/categories?post=90424"},{"taxonomy":"post_tag","embeddable":true,"href":"https:\/\/acs.org.br\/academy\/wp-json\/wp\/v2\/tags?post=90424"}],"curies":[{"name":"wp","href":"https:\/\/api.w.org\/{rel}","templated":true}]}}