{"id":90399,"date":"2019-12-05T00:00:00","date_gmt":"2019-12-05T03:00:00","guid":{"rendered":"http:\/\/127.0.0.1\/acs\/sopesp-completa-25-anos-de-atividades-no-setor-portuario-diario-do-litoral-05-12-2019\/"},"modified":"2019-12-05T00:00:00","modified_gmt":"2019-12-05T03:00:00","slug":"sopesp-completa-25-anos-de-atividades-no-setor-portuario-diario-do-litoral-05-12-2019","status":"publish","type":"post","link":"https:\/\/acs.org.br\/academy\/sopesp-completa-25-anos-de-atividades-no-setor-portuario-diario-do-litoral-05-12-2019\/","title":{"rendered":"Sopesp completa 25 anos de atividades no setor portu\u00e1rio &#8211; Di\u00e1rio do Litoral &#8211; 05\/12\/2019"},"content":{"rendered":"<p>Fonte: Di\u00e1rio do Litoral<\/p>\n<p>O Sindicato dos Operadores Portu\u00e1rios do Estado de S\u00e3o Paulo (Sopesp) completa 25 anos de atividades e o seu Conselho Diretor vai reunir as empresas associadas e representantes da comunidade portu\u00e1ria para comemorar a data com coquetel no dia 5 de dezembro, \u00e0s 19 horas, no Hotel Sheraton, em Santos.<\/p>\n<p><a target=\"_blank\" href=\"http:\/\/127.0.0.1\/acs\/wp-content\/uploads\/2019\/12\/PDF_2019_DEZEMBRO_SOPESP-DIARIOLITORAL-05.pdf\" rel=\"noopener\">LEIA MAIS&#8230;<\/a><\/p>\n<p>\u00a0<\/p>\n","protected":false},"excerpt":{"rendered":"<p>Fonte: Di\u00e1rio do Litoral O Sindicato dos Operadores Portu\u00e1rios do Estado de S\u00e3o Paulo (Sopesp) completa 25 anos de atividades e o seu Conselho Diretor vai reunir as empresas associadas e representantes da comunidade portu\u00e1ria para comemorar a data com coquetel no dia 5 de dezembro, \u00e0s 19 horas, no Hotel Sheraton, em Santos. LEIA [&hellip;]<\/p>\n","protected":false},"author":1,"featured_media":0,"comment_status":"open","ping_status":"open","sticky":false,"template":"","format":"standard","meta":{"footnotes":""},"categories":[98],"tags":[],"_links":{"self":[{"href":"https:\/\/acs.org.br\/academy\/wp-json\/wp\/v2\/posts\/90399"}],"collection":[{"href":"https:\/\/acs.org.br\/academy\/wp-json\/wp\/v2\/posts"}],"about":[{"href":"https:\/\/acs.org.br\/academy\/wp-json\/wp\/v2\/types\/post"}],"author":[{"embeddable":true,"href":"https:\/\/acs.org.br\/academy\/wp-json\/wp\/v2\/users\/1"}],"replies":[{"embeddable":true,"href":"https:\/\/acs.org.br\/academy\/wp-json\/wp\/v2\/comments?post=90399"}],"version-history":[{"count":0,"href":"https:\/\/acs.org.br\/academy\/wp-json\/wp\/v2\/posts\/90399\/revisions"}],"wp:attachment":[{"href":"https:\/\/acs.org.br\/academy\/wp-json\/wp\/v2\/media?parent=90399"}],"wp:term":[{"taxonomy":"category","embeddable":true,"href":"https:\/\/acs.org.br\/academy\/wp-json\/wp\/v2\/categories?post=90399"},{"taxonomy":"post_tag","embeddable":true,"href":"https:\/\/acs.org.br\/academy\/wp-json\/wp\/v2\/tags?post=90399"}],"curies":[{"name":"wp","href":"https:\/\/api.w.org\/{rel}","templated":true}]}}