{"id":90384,"date":"2019-12-12T00:00:00","date_gmt":"2019-12-12T03:00:00","guid":{"rendered":"http:\/\/127.0.0.1\/acs\/conselho-de-desenvolvimento-economico-de-santos-comeca-a-ser-criado-na-acs-rede-arrastao-12-12-2019\/"},"modified":"2019-12-12T00:00:00","modified_gmt":"2019-12-12T03:00:00","slug":"conselho-de-desenvolvimento-economico-de-santos-comeca-a-ser-criado-na-acs-rede-arrastao-12-12-2019","status":"publish","type":"post","link":"https:\/\/acs.org.br\/academy\/conselho-de-desenvolvimento-economico-de-santos-comeca-a-ser-criado-na-acs-rede-arrastao-12-12-2019\/","title":{"rendered":"Conselho de Desenvolvimento Econ\u00f4mico de Santos come\u00e7a a ser criado na ACS &#8211; Rede Arrast\u00e3o &#8211; 12\/12\/2019"},"content":{"rendered":"<p>Fonte: Rede Arrast\u00e3o<\/p>\n<p>A Associa\u00e7\u00e3o Comercial de Santos (ACS) recebeu empres\u00e1rios e lideran\u00e7as de diferentes setores para dar in\u00edcio \u00e0 cria\u00e7\u00e3o do Conselho de Desenvolvimento Econ\u00f4mico de Santos (Condesan).<\/p>\n<p><a href=\"http:\/\/127.0.0.1\/acs\/wp-content\/uploads\/2019\/12\/PDF_2019_DEZEMBRO_CONSELHO-ARRASTAO-12.pdf\" target=\"_blank\" rel=\"noopener\">LEIA MAIS&#8230;<\/a><\/p>\n","protected":false},"excerpt":{"rendered":"<p>Fonte: Rede Arrast\u00e3o A Associa\u00e7\u00e3o Comercial de Santos (ACS) recebeu empres\u00e1rios e lideran\u00e7as de diferentes setores para dar in\u00edcio \u00e0 cria\u00e7\u00e3o do Conselho de Desenvolvimento Econ\u00f4mico de Santos (Condesan). LEIA MAIS&#8230;<\/p>\n","protected":false},"author":1,"featured_media":0,"comment_status":"open","ping_status":"open","sticky":false,"template":"","format":"standard","meta":{"footnotes":""},"categories":[98],"tags":[],"_links":{"self":[{"href":"https:\/\/acs.org.br\/academy\/wp-json\/wp\/v2\/posts\/90384"}],"collection":[{"href":"https:\/\/acs.org.br\/academy\/wp-json\/wp\/v2\/posts"}],"about":[{"href":"https:\/\/acs.org.br\/academy\/wp-json\/wp\/v2\/types\/post"}],"author":[{"embeddable":true,"href":"https:\/\/acs.org.br\/academy\/wp-json\/wp\/v2\/users\/1"}],"replies":[{"embeddable":true,"href":"https:\/\/acs.org.br\/academy\/wp-json\/wp\/v2\/comments?post=90384"}],"version-history":[{"count":0,"href":"https:\/\/acs.org.br\/academy\/wp-json\/wp\/v2\/posts\/90384\/revisions"}],"wp:attachment":[{"href":"https:\/\/acs.org.br\/academy\/wp-json\/wp\/v2\/media?parent=90384"}],"wp:term":[{"taxonomy":"category","embeddable":true,"href":"https:\/\/acs.org.br\/academy\/wp-json\/wp\/v2\/categories?post=90384"},{"taxonomy":"post_tag","embeddable":true,"href":"https:\/\/acs.org.br\/academy\/wp-json\/wp\/v2\/tags?post=90384"}],"curies":[{"name":"wp","href":"https:\/\/api.w.org\/{rel}","templated":true}]}}