{"id":90130,"date":"2019-11-25T00:00:00","date_gmt":"2019-11-25T03:00:00","guid":{"rendered":"http:\/\/127.0.0.1\/acs\/seminario-internacional-de-cafe-esta-com-inscricoes-abertas-sopesp-25-11-2019\/"},"modified":"2019-11-25T00:00:00","modified_gmt":"2019-11-25T03:00:00","slug":"seminario-internacional-de-cafe-esta-com-inscricoes-abertas-sopesp-25-11-2019","status":"publish","type":"post","link":"https:\/\/acs.org.br\/academy\/seminario-internacional-de-cafe-esta-com-inscricoes-abertas-sopesp-25-11-2019\/","title":{"rendered":"Semin\u00e1rio Internacional de Caf\u00e9 est\u00e1 com inscri\u00e7\u00f5es abertas &#8211; Sopesp &#8211; 25\/11\/2019"},"content":{"rendered":"<p>Fonte: Sopesp<\/p>\n<p>A XXIII edi\u00e7\u00e3o do Semin\u00e1rio Internacional de Caf\u00e9 de Santos, promovida pela Associa\u00e7\u00e3o Comercial de Santos (ACS), ocorrer\u00e1 nos dias 13 e 14 maio de 2020, no Sofitel Jequitimar, em Guaruj\u00e1 e j\u00e1 est\u00e1 com inscri\u00e7\u00f5es abertas.<\/p>\n<p><a href=\"http:\/\/127.0.0.1\/acs\/wp-content\/uploads\/2019\/11\/PDF_2019_NOVEMBRO_SEMINARIO-SOPESP-26.pdf\" target=\"_blank\" rel=\"noopener\">LEIA MAIS&#8230;<\/a><\/p>\n","protected":false},"excerpt":{"rendered":"<p>Fonte: Sopesp A XXIII edi\u00e7\u00e3o do Semin\u00e1rio Internacional de Caf\u00e9 de Santos, promovida pela Associa\u00e7\u00e3o Comercial de Santos (ACS), ocorrer\u00e1 nos dias 13 e 14 maio de 2020, no Sofitel Jequitimar, em Guaruj\u00e1 e j\u00e1 est\u00e1 com inscri\u00e7\u00f5es abertas. LEIA MAIS&#8230;<\/p>\n","protected":false},"author":1,"featured_media":0,"comment_status":"open","ping_status":"open","sticky":false,"template":"","format":"standard","meta":{"footnotes":""},"categories":[98],"tags":[],"_links":{"self":[{"href":"https:\/\/acs.org.br\/academy\/wp-json\/wp\/v2\/posts\/90130"}],"collection":[{"href":"https:\/\/acs.org.br\/academy\/wp-json\/wp\/v2\/posts"}],"about":[{"href":"https:\/\/acs.org.br\/academy\/wp-json\/wp\/v2\/types\/post"}],"author":[{"embeddable":true,"href":"https:\/\/acs.org.br\/academy\/wp-json\/wp\/v2\/users\/1"}],"replies":[{"embeddable":true,"href":"https:\/\/acs.org.br\/academy\/wp-json\/wp\/v2\/comments?post=90130"}],"version-history":[{"count":0,"href":"https:\/\/acs.org.br\/academy\/wp-json\/wp\/v2\/posts\/90130\/revisions"}],"wp:attachment":[{"href":"https:\/\/acs.org.br\/academy\/wp-json\/wp\/v2\/media?parent=90130"}],"wp:term":[{"taxonomy":"category","embeddable":true,"href":"https:\/\/acs.org.br\/academy\/wp-json\/wp\/v2\/categories?post=90130"},{"taxonomy":"post_tag","embeddable":true,"href":"https:\/\/acs.org.br\/academy\/wp-json\/wp\/v2\/tags?post=90130"}],"curies":[{"name":"wp","href":"https:\/\/api.w.org\/{rel}","templated":true}]}}