{"id":90057,"date":"2019-11-08T00:00:00","date_gmt":"2019-11-08T03:00:00","guid":{"rendered":"http:\/\/127.0.0.1\/acs\/doze-consules-da-uniao-europeia-conhecem-a-associacao-comercial-de-santos-facesp-08-11-2019\/"},"modified":"2019-11-08T00:00:00","modified_gmt":"2019-11-08T03:00:00","slug":"doze-consules-da-uniao-europeia-conhecem-a-associacao-comercial-de-santos-facesp-08-11-2019","status":"publish","type":"post","link":"https:\/\/acs.org.br\/academy\/doze-consules-da-uniao-europeia-conhecem-a-associacao-comercial-de-santos-facesp-08-11-2019\/","title":{"rendered":"Doze c\u00f4nsules da Uni\u00e3o Europeia conhecem a Associa\u00e7\u00e3o Comercial de Santos &#8211; Facesp &#8211; 08\/11\/2019"},"content":{"rendered":"<p>Fonte: Facesp<\/p>\n<p>Doze c\u00f4nsules da Uni\u00e3o Europeia conheceram o pr\u00e9dio da Associa\u00e7\u00e3o Comercial de Santos (ACS), na noite desta quinta-feira (7). Eles foram recebidos pelo diretor-executivo da ACS, Marcio Calves.<\/p>\n<p><a target=\"_blank\" href=\"http:\/\/127.0.0.1\/acs\/wp-content\/uploads\/2019\/11\/PDF_2019_NOVEMBRO_VISITAUE-FACESP-08.pdf\" rel=\"noopener\">LEIA MAIS&#8230;<\/a><\/p>\n<p>\u00a0<\/p>\n","protected":false},"excerpt":{"rendered":"<p>Fonte: Facesp Doze c\u00f4nsules da Uni\u00e3o Europeia conheceram o pr\u00e9dio da Associa\u00e7\u00e3o Comercial de Santos (ACS), na noite desta quinta-feira (7). Eles foram recebidos pelo diretor-executivo da ACS, Marcio Calves. LEIA MAIS&#8230; \u00a0<\/p>\n","protected":false},"author":1,"featured_media":0,"comment_status":"open","ping_status":"open","sticky":false,"template":"","format":"standard","meta":{"footnotes":""},"categories":[98],"tags":[],"_links":{"self":[{"href":"https:\/\/acs.org.br\/academy\/wp-json\/wp\/v2\/posts\/90057"}],"collection":[{"href":"https:\/\/acs.org.br\/academy\/wp-json\/wp\/v2\/posts"}],"about":[{"href":"https:\/\/acs.org.br\/academy\/wp-json\/wp\/v2\/types\/post"}],"author":[{"embeddable":true,"href":"https:\/\/acs.org.br\/academy\/wp-json\/wp\/v2\/users\/1"}],"replies":[{"embeddable":true,"href":"https:\/\/acs.org.br\/academy\/wp-json\/wp\/v2\/comments?post=90057"}],"version-history":[{"count":0,"href":"https:\/\/acs.org.br\/academy\/wp-json\/wp\/v2\/posts\/90057\/revisions"}],"wp:attachment":[{"href":"https:\/\/acs.org.br\/academy\/wp-json\/wp\/v2\/media?parent=90057"}],"wp:term":[{"taxonomy":"category","embeddable":true,"href":"https:\/\/acs.org.br\/academy\/wp-json\/wp\/v2\/categories?post=90057"},{"taxonomy":"post_tag","embeddable":true,"href":"https:\/\/acs.org.br\/academy\/wp-json\/wp\/v2\/tags?post=90057"}],"curies":[{"name":"wp","href":"https:\/\/api.w.org\/{rel}","templated":true}]}}