{"id":90055,"date":"2019-11-05T00:00:00","date_gmt":"2019-11-05T03:00:00","guid":{"rendered":"http:\/\/127.0.0.1\/acs\/conselho-municipal-da-transparencia-de-santos-realiza-reuniao-nesta-sexta-pms-05-11-2019\/"},"modified":"2019-11-05T00:00:00","modified_gmt":"2019-11-05T03:00:00","slug":"conselho-municipal-da-transparencia-de-santos-realiza-reuniao-nesta-sexta-pms-05-11-2019","status":"publish","type":"post","link":"https:\/\/acs.org.br\/academy\/conselho-municipal-da-transparencia-de-santos-realiza-reuniao-nesta-sexta-pms-05-11-2019\/","title":{"rendered":"Conselho Municipal da Transpar\u00eancia de Santos realiza reuni\u00e3o nesta sexta &#8211; PMS &#8211; 05\/11\/2019"},"content":{"rendered":"<p>Fonte: Prefeitura Municipal<\/p>\n<p>O Conselho Municipal de Transpar\u00eancia Institucional, Fiscaliza\u00e7\u00e3o Administrativa e Controle Social de Santos (CMT) re\u00fane-se na sexta-feira (8), na Associa\u00e7\u00e3o Comercial de Santos (Rua XV de Novembro, 137 \u2013 Centro), \u00e0s 9h.<\/p>\n<p><a target=\"_blank\" href=\"http:\/\/127.0.0.1\/acs\/wp-content\/uploads\/2019\/11\/PDF_2019_NOVEMBRO_TRANSPARENCIA-PMS-05.pdf\" rel=\"noopener\">LEIA MAIS&#8230;<\/a><\/p>\n<p>\u00a0<\/p>\n","protected":false},"excerpt":{"rendered":"<p>Fonte: Prefeitura Municipal O Conselho Municipal de Transpar\u00eancia Institucional, Fiscaliza\u00e7\u00e3o Administrativa e Controle Social de Santos (CMT) re\u00fane-se na sexta-feira (8), na Associa\u00e7\u00e3o Comercial de Santos (Rua XV de Novembro, 137 \u2013 Centro), \u00e0s 9h. LEIA MAIS&#8230; \u00a0<\/p>\n","protected":false},"author":1,"featured_media":0,"comment_status":"open","ping_status":"open","sticky":false,"template":"","format":"standard","meta":{"footnotes":""},"categories":[98],"tags":[],"_links":{"self":[{"href":"https:\/\/acs.org.br\/academy\/wp-json\/wp\/v2\/posts\/90055"}],"collection":[{"href":"https:\/\/acs.org.br\/academy\/wp-json\/wp\/v2\/posts"}],"about":[{"href":"https:\/\/acs.org.br\/academy\/wp-json\/wp\/v2\/types\/post"}],"author":[{"embeddable":true,"href":"https:\/\/acs.org.br\/academy\/wp-json\/wp\/v2\/users\/1"}],"replies":[{"embeddable":true,"href":"https:\/\/acs.org.br\/academy\/wp-json\/wp\/v2\/comments?post=90055"}],"version-history":[{"count":0,"href":"https:\/\/acs.org.br\/academy\/wp-json\/wp\/v2\/posts\/90055\/revisions"}],"wp:attachment":[{"href":"https:\/\/acs.org.br\/academy\/wp-json\/wp\/v2\/media?parent=90055"}],"wp:term":[{"taxonomy":"category","embeddable":true,"href":"https:\/\/acs.org.br\/academy\/wp-json\/wp\/v2\/categories?post=90055"},{"taxonomy":"post_tag","embeddable":true,"href":"https:\/\/acs.org.br\/academy\/wp-json\/wp\/v2\/tags?post=90055"}],"curies":[{"name":"wp","href":"https:\/\/api.w.org\/{rel}","templated":true}]}}