{"id":90022,"date":"2019-11-04T00:00:00","date_gmt":"2019-11-04T03:00:00","guid":{"rendered":"http:\/\/127.0.0.1\/acs\/curso-de-cafe-da-acs-comeca-nesta-segunda-feira-4-facesp-04-11-2019\/"},"modified":"2019-11-04T00:00:00","modified_gmt":"2019-11-04T03:00:00","slug":"curso-de-cafe-da-acs-comeca-nesta-segunda-feira-4-facesp-04-11-2019","status":"publish","type":"post","link":"https:\/\/acs.org.br\/academy\/curso-de-cafe-da-acs-comeca-nesta-segunda-feira-4-facesp-04-11-2019\/","title":{"rendered":"Curso de caf\u00e9 da ACS come\u00e7a nesta segunda-feira (4) &#8211; Facesp &#8211; 04\/11\/2019"},"content":{"rendered":"<p>Fonte: Facesp<\/p>\n<p>Come\u00e7aram nesta segunda-feira (4) as aulas da 70\u00aa turma do tradicional Curso de Classifica\u00e7\u00e3o e Degusta\u00e7\u00e3o de Caf\u00e9 da Associa\u00e7\u00e3o Comercial de Santos (ACS). Na \u00faltima turma do ano, est\u00e3o inscritos 9 alunos.<\/p>\n<p><a href=\"http:\/\/127.0.0.1\/acs\/wp-content\/uploads\/2019\/11\/PDF_2019_NOVEMBRO_CURSOCAFE-FACESP-04.pdf\" target=\"_blank\" rel=\"noopener\">LEIA MAIS&#8230;<\/a><\/p>\n","protected":false},"excerpt":{"rendered":"<p>Fonte: Facesp Come\u00e7aram nesta segunda-feira (4) as aulas da 70\u00aa turma do tradicional Curso de Classifica\u00e7\u00e3o e Degusta\u00e7\u00e3o de Caf\u00e9 da Associa\u00e7\u00e3o Comercial de Santos (ACS). Na \u00faltima turma do ano, est\u00e3o inscritos 9 alunos. LEIA MAIS&#8230;<\/p>\n","protected":false},"author":1,"featured_media":0,"comment_status":"open","ping_status":"open","sticky":false,"template":"","format":"standard","meta":{"footnotes":""},"categories":[98],"tags":[],"_links":{"self":[{"href":"https:\/\/acs.org.br\/academy\/wp-json\/wp\/v2\/posts\/90022"}],"collection":[{"href":"https:\/\/acs.org.br\/academy\/wp-json\/wp\/v2\/posts"}],"about":[{"href":"https:\/\/acs.org.br\/academy\/wp-json\/wp\/v2\/types\/post"}],"author":[{"embeddable":true,"href":"https:\/\/acs.org.br\/academy\/wp-json\/wp\/v2\/users\/1"}],"replies":[{"embeddable":true,"href":"https:\/\/acs.org.br\/academy\/wp-json\/wp\/v2\/comments?post=90022"}],"version-history":[{"count":0,"href":"https:\/\/acs.org.br\/academy\/wp-json\/wp\/v2\/posts\/90022\/revisions"}],"wp:attachment":[{"href":"https:\/\/acs.org.br\/academy\/wp-json\/wp\/v2\/media?parent=90022"}],"wp:term":[{"taxonomy":"category","embeddable":true,"href":"https:\/\/acs.org.br\/academy\/wp-json\/wp\/v2\/categories?post=90022"},{"taxonomy":"post_tag","embeddable":true,"href":"https:\/\/acs.org.br\/academy\/wp-json\/wp\/v2\/tags?post=90022"}],"curies":[{"name":"wp","href":"https:\/\/api.w.org\/{rel}","templated":true}]}}