{"id":90011,"date":"2019-11-01T00:00:00","date_gmt":"2019-11-01T03:00:00","guid":{"rendered":"http:\/\/127.0.0.1\/acs\/empresarios-pedem-mais-seguranca-no-centro-de-santos-jornal-da-orla-01-11-2019\/"},"modified":"2019-11-01T00:00:00","modified_gmt":"2019-11-01T03:00:00","slug":"empresarios-pedem-mais-seguranca-no-centro-de-santos-jornal-da-orla-01-11-2019","status":"publish","type":"post","link":"https:\/\/acs.org.br\/academy\/empresarios-pedem-mais-seguranca-no-centro-de-santos-jornal-da-orla-01-11-2019\/","title":{"rendered":"Empres\u00e1rios pedem mais seguran\u00e7a no Centro de Santos &#8211; Jornal da Orla &#8211; 01\/11\/2019"},"content":{"rendered":"<p>Fonte: Jornal da Orla<\/p>\n<p>Os constantes casos de roubos e furtos registrados no Centro Hist\u00f3rico de Santos, nos \u00faltimos meses, t\u00eam deixado empres\u00e1rios e comerciantes preocupados.<\/p>\n<p><a target=\"_blank\" href=\"http:\/\/127.0.0.1\/acs\/wp-content\/uploads\/2019\/11\/PDF_2019_NOVEMBRO_SEGURANCA-ORLA-01.pdf\" rel=\"noopener\">LEIA MAIS&#8230;<\/a><\/p>\n<p>\u00a0<\/p>\n","protected":false},"excerpt":{"rendered":"<p>Fonte: Jornal da Orla Os constantes casos de roubos e furtos registrados no Centro Hist\u00f3rico de Santos, nos \u00faltimos meses, t\u00eam deixado empres\u00e1rios e comerciantes preocupados. LEIA MAIS&#8230; \u00a0<\/p>\n","protected":false},"author":1,"featured_media":0,"comment_status":"open","ping_status":"open","sticky":false,"template":"","format":"standard","meta":{"footnotes":""},"categories":[98],"tags":[],"_links":{"self":[{"href":"https:\/\/acs.org.br\/academy\/wp-json\/wp\/v2\/posts\/90011"}],"collection":[{"href":"https:\/\/acs.org.br\/academy\/wp-json\/wp\/v2\/posts"}],"about":[{"href":"https:\/\/acs.org.br\/academy\/wp-json\/wp\/v2\/types\/post"}],"author":[{"embeddable":true,"href":"https:\/\/acs.org.br\/academy\/wp-json\/wp\/v2\/users\/1"}],"replies":[{"embeddable":true,"href":"https:\/\/acs.org.br\/academy\/wp-json\/wp\/v2\/comments?post=90011"}],"version-history":[{"count":0,"href":"https:\/\/acs.org.br\/academy\/wp-json\/wp\/v2\/posts\/90011\/revisions"}],"wp:attachment":[{"href":"https:\/\/acs.org.br\/academy\/wp-json\/wp\/v2\/media?parent=90011"}],"wp:term":[{"taxonomy":"category","embeddable":true,"href":"https:\/\/acs.org.br\/academy\/wp-json\/wp\/v2\/categories?post=90011"},{"taxonomy":"post_tag","embeddable":true,"href":"https:\/\/acs.org.br\/academy\/wp-json\/wp\/v2\/tags?post=90011"}],"curies":[{"name":"wp","href":"https:\/\/api.w.org\/{rel}","templated":true}]}}