{"id":90009,"date":"2019-11-01T00:00:00","date_gmt":"2019-11-01T03:00:00","guid":{"rendered":"http:\/\/127.0.0.1\/acs\/empresarios-pedem-mais-seguranca-no-centro-de-santos-a-tribuna-digital-01-11-2019\/"},"modified":"2019-11-01T00:00:00","modified_gmt":"2019-11-01T03:00:00","slug":"empresarios-pedem-mais-seguranca-no-centro-de-santos-a-tribuna-digital-01-11-2019","status":"publish","type":"post","link":"https:\/\/acs.org.br\/academy\/empresarios-pedem-mais-seguranca-no-centro-de-santos-a-tribuna-digital-01-11-2019\/","title":{"rendered":"Empres\u00e1rios pedem mais seguran\u00e7a no Centro de Santos &#8211; A Tribuna digital &#8211; 01\/11\/2019"},"content":{"rendered":"<p>Fonte: A Tribuna digital<\/p>\n<p>Cerca de 20 empres\u00e1rios e comerciantes da parte hist\u00f3rica do Centro santista pediram mais seguran\u00e7a no local, nesta quinta-feira (31) de manh\u00e3, em reuni\u00e3o com o secret\u00e1rio municipal de Seguran\u00e7a, S\u00e9rgio Del Bel J\u00fanior.<\/p>\n<p><a target=\"_blank\" href=\"http:\/\/127.0.0.1\/acs\/wp-content\/uploads\/2019\/11\/PDF_2019_NOVEMBRO_SEGURANCA-TRIDIG-01.pdf\" rel=\"noopener\">LEIA MAIS&#8230;<\/a><\/p>\n<p>\u00a0<\/p>\n","protected":false},"excerpt":{"rendered":"<p>Fonte: A Tribuna digital Cerca de 20 empres\u00e1rios e comerciantes da parte hist\u00f3rica do Centro santista pediram mais seguran\u00e7a no local, nesta quinta-feira (31) de manh\u00e3, em reuni\u00e3o com o secret\u00e1rio municipal de Seguran\u00e7a, S\u00e9rgio Del Bel J\u00fanior. LEIA MAIS&#8230; \u00a0<\/p>\n","protected":false},"author":1,"featured_media":0,"comment_status":"open","ping_status":"open","sticky":false,"template":"","format":"standard","meta":{"footnotes":""},"categories":[98],"tags":[],"_links":{"self":[{"href":"https:\/\/acs.org.br\/academy\/wp-json\/wp\/v2\/posts\/90009"}],"collection":[{"href":"https:\/\/acs.org.br\/academy\/wp-json\/wp\/v2\/posts"}],"about":[{"href":"https:\/\/acs.org.br\/academy\/wp-json\/wp\/v2\/types\/post"}],"author":[{"embeddable":true,"href":"https:\/\/acs.org.br\/academy\/wp-json\/wp\/v2\/users\/1"}],"replies":[{"embeddable":true,"href":"https:\/\/acs.org.br\/academy\/wp-json\/wp\/v2\/comments?post=90009"}],"version-history":[{"count":0,"href":"https:\/\/acs.org.br\/academy\/wp-json\/wp\/v2\/posts\/90009\/revisions"}],"wp:attachment":[{"href":"https:\/\/acs.org.br\/academy\/wp-json\/wp\/v2\/media?parent=90009"}],"wp:term":[{"taxonomy":"category","embeddable":true,"href":"https:\/\/acs.org.br\/academy\/wp-json\/wp\/v2\/categories?post=90009"},{"taxonomy":"post_tag","embeddable":true,"href":"https:\/\/acs.org.br\/academy\/wp-json\/wp\/v2\/tags?post=90009"}],"curies":[{"name":"wp","href":"https:\/\/api.w.org\/{rel}","templated":true}]}}