{"id":90005,"date":"2019-11-05T00:00:00","date_gmt":"2019-11-05T03:00:00","guid":{"rendered":"http:\/\/127.0.0.1\/acs\/associacao-comercial-de-santos-inicia-as-aulas-da-70a-turma-do-curso-de-classificacao-e-degustacao-de-cafe-g1-santos-05-11-2019\/"},"modified":"2019-11-05T00:00:00","modified_gmt":"2019-11-05T03:00:00","slug":"associacao-comercial-de-santos-inicia-as-aulas-da-70a-turma-do-curso-de-classificacao-e-degustacao-de-cafe-g1-santos-05-11-2019","status":"publish","type":"post","link":"https:\/\/acs.org.br\/academy\/associacao-comercial-de-santos-inicia-as-aulas-da-70a-turma-do-curso-de-classificacao-e-degustacao-de-cafe-g1-santos-05-11-2019\/","title":{"rendered":"Associa\u00e7\u00e3o Comercial de Santos inicia as aulas da 70\u00aa turma do Curso de Classifica\u00e7\u00e3o e Degusta\u00e7\u00e3o de Caf\u00e9 &#8211; G1 Santos &#8211; 05\/11\/2019"},"content":{"rendered":"<p>Fonte: G1 Santos<\/p>\n<p>A Associa\u00e7\u00e3o Comercial de Santos (ACS), no litoral de S\u00e3o Paulo, iniciou nesta segunda-feira (4) as aulas da 70\u00aa turma do tradicional Curso de Classifica\u00e7\u00e3o e Degusta\u00e7\u00e3o de Caf\u00e9.<\/p>\n<p><a href=\"http:\/\/127.0.0.1\/acs\/wp-content\/uploads\/2019\/11\/PDF_2019_NOVEMBRO_CURSOCAFE-G1-05.pdf\" target=\"_blank\" rel=\"noopener\">LEIA MAIS&#8230;<\/a><\/p>\n","protected":false},"excerpt":{"rendered":"<p>Fonte: G1 Santos A Associa\u00e7\u00e3o Comercial de Santos (ACS), no litoral de S\u00e3o Paulo, iniciou nesta segunda-feira (4) as aulas da 70\u00aa turma do tradicional Curso de Classifica\u00e7\u00e3o e Degusta\u00e7\u00e3o de Caf\u00e9. LEIA MAIS&#8230;<\/p>\n","protected":false},"author":1,"featured_media":0,"comment_status":"open","ping_status":"open","sticky":false,"template":"","format":"standard","meta":{"footnotes":""},"categories":[98],"tags":[],"_links":{"self":[{"href":"https:\/\/acs.org.br\/academy\/wp-json\/wp\/v2\/posts\/90005"}],"collection":[{"href":"https:\/\/acs.org.br\/academy\/wp-json\/wp\/v2\/posts"}],"about":[{"href":"https:\/\/acs.org.br\/academy\/wp-json\/wp\/v2\/types\/post"}],"author":[{"embeddable":true,"href":"https:\/\/acs.org.br\/academy\/wp-json\/wp\/v2\/users\/1"}],"replies":[{"embeddable":true,"href":"https:\/\/acs.org.br\/academy\/wp-json\/wp\/v2\/comments?post=90005"}],"version-history":[{"count":0,"href":"https:\/\/acs.org.br\/academy\/wp-json\/wp\/v2\/posts\/90005\/revisions"}],"wp:attachment":[{"href":"https:\/\/acs.org.br\/academy\/wp-json\/wp\/v2\/media?parent=90005"}],"wp:term":[{"taxonomy":"category","embeddable":true,"href":"https:\/\/acs.org.br\/academy\/wp-json\/wp\/v2\/categories?post=90005"},{"taxonomy":"post_tag","embeddable":true,"href":"https:\/\/acs.org.br\/academy\/wp-json\/wp\/v2\/tags?post=90005"}],"curies":[{"name":"wp","href":"https:\/\/api.w.org\/{rel}","templated":true}]}}