{"id":89961,"date":"2019-11-08T00:00:00","date_gmt":"2019-11-08T03:00:00","guid":{"rendered":"http:\/\/127.0.0.1\/acs\/diplomatas-visitam-porto-de-santos-a-tribuna-08112019\/"},"modified":"2019-11-08T00:00:00","modified_gmt":"2019-11-08T03:00:00","slug":"diplomatas-visitam-porto-de-santos-a-tribuna-08112019","status":"publish","type":"post","link":"https:\/\/acs.org.br\/academy\/diplomatas-visitam-porto-de-santos-a-tribuna-08112019\/","title":{"rendered":"Diplomatas visitam Porto de Santos &#8211; A Tribuna &#8211; 08\/11\/2019"},"content":{"rendered":"<p>Fonte: A Tribuna<\/p>\n<p>Os planos de privatiza\u00e7\u00e3o da Companhia Docas do Estado de S\u00e3o Paulo (Codesp, a Autoridade Portu\u00e1ria de Santos) \u2013 processo que o Governo Federal quer concluir nos pr\u00f3ximos tr\u00eas anos \u2013 foram apresentados ontem a representantes diplom\u00e1ticos de pa\u00edses da Uni\u00e3o Europeia (UE), em visita a Santos.<\/p>\n<p><a target=\"_blank\" href=\"http:\/\/127.0.0.1\/acs\/wp-content\/uploads\/2019\/11\/PDF_2019_NOVEMBRO_UEVISITA-TRI-08.pdf\" rel=\"noopener\">LEIA MAIS&#8230;<\/a><\/p>\n<p>\u00a0<\/p>\n","protected":false},"excerpt":{"rendered":"<p>Fonte: A Tribuna Os planos de privatiza\u00e7\u00e3o da Companhia Docas do Estado de S\u00e3o Paulo (Codesp, a Autoridade Portu\u00e1ria de Santos) \u2013 processo que o Governo Federal quer concluir nos pr\u00f3ximos tr\u00eas anos \u2013 foram apresentados ontem a representantes diplom\u00e1ticos de pa\u00edses da Uni\u00e3o Europeia (UE), em visita a Santos. LEIA MAIS&#8230; \u00a0<\/p>\n","protected":false},"author":1,"featured_media":0,"comment_status":"open","ping_status":"open","sticky":false,"template":"","format":"standard","meta":{"footnotes":""},"categories":[98],"tags":[],"_links":{"self":[{"href":"https:\/\/acs.org.br\/academy\/wp-json\/wp\/v2\/posts\/89961"}],"collection":[{"href":"https:\/\/acs.org.br\/academy\/wp-json\/wp\/v2\/posts"}],"about":[{"href":"https:\/\/acs.org.br\/academy\/wp-json\/wp\/v2\/types\/post"}],"author":[{"embeddable":true,"href":"https:\/\/acs.org.br\/academy\/wp-json\/wp\/v2\/users\/1"}],"replies":[{"embeddable":true,"href":"https:\/\/acs.org.br\/academy\/wp-json\/wp\/v2\/comments?post=89961"}],"version-history":[{"count":0,"href":"https:\/\/acs.org.br\/academy\/wp-json\/wp\/v2\/posts\/89961\/revisions"}],"wp:attachment":[{"href":"https:\/\/acs.org.br\/academy\/wp-json\/wp\/v2\/media?parent=89961"}],"wp:term":[{"taxonomy":"category","embeddable":true,"href":"https:\/\/acs.org.br\/academy\/wp-json\/wp\/v2\/categories?post=89961"},{"taxonomy":"post_tag","embeddable":true,"href":"https:\/\/acs.org.br\/academy\/wp-json\/wp\/v2\/tags?post=89961"}],"curies":[{"name":"wp","href":"https:\/\/api.w.org\/{rel}","templated":true}]}}