{"id":89959,"date":"2019-11-13T00:00:00","date_gmt":"2019-11-13T03:00:00","guid":{"rendered":"http:\/\/127.0.0.1\/acs\/sem-dutos-gas-retorna-aos-campos-a-tribuna-13-11-2019\/"},"modified":"2019-11-13T00:00:00","modified_gmt":"2019-11-13T03:00:00","slug":"sem-dutos-gas-retorna-aos-campos-a-tribuna-13-11-2019","status":"publish","type":"post","link":"https:\/\/acs.org.br\/academy\/sem-dutos-gas-retorna-aos-campos-a-tribuna-13-11-2019\/","title":{"rendered":"Sem dutos, g\u00e1s retorna aos campos &#8211; A Tribuna &#8211; 13\/11\/2019"},"content":{"rendered":"<p>Fonte: A Tribuna<\/p>\n<p>Apesar do Governo Federal apostar no g\u00e1s natural para produzir energia el\u00e9trica mais barata, quase a metade do insumo extra\u00eddo do pr\u00e9-sal paulista \u00e9 reinjetada nos campos produtores, segundo o assessor-executivo da Subsecretaria Estadual de Infraestrutura, Ricardo Cantarani.<\/p>\n<p><a target=\"_blank\" href=\"http:\/\/127.0.0.1\/acs\/wp-content\/uploads\/2019\/11\/PDF_2019_NOVEMBRO_PALESTRA-TRI-13.pdf\" rel=\"noopener\">LEIA MAIS&#8230;<\/a><\/p>\n<p>\u00a0<\/p>\n","protected":false},"excerpt":{"rendered":"<p>Fonte: A Tribuna Apesar do Governo Federal apostar no g\u00e1s natural para produzir energia el\u00e9trica mais barata, quase a metade do insumo extra\u00eddo do pr\u00e9-sal paulista \u00e9 reinjetada nos campos produtores, segundo o assessor-executivo da Subsecretaria Estadual de Infraestrutura, Ricardo Cantarani. LEIA MAIS&#8230; \u00a0<\/p>\n","protected":false},"author":1,"featured_media":0,"comment_status":"open","ping_status":"open","sticky":false,"template":"","format":"standard","meta":{"footnotes":""},"categories":[98],"tags":[],"_links":{"self":[{"href":"https:\/\/acs.org.br\/academy\/wp-json\/wp\/v2\/posts\/89959"}],"collection":[{"href":"https:\/\/acs.org.br\/academy\/wp-json\/wp\/v2\/posts"}],"about":[{"href":"https:\/\/acs.org.br\/academy\/wp-json\/wp\/v2\/types\/post"}],"author":[{"embeddable":true,"href":"https:\/\/acs.org.br\/academy\/wp-json\/wp\/v2\/users\/1"}],"replies":[{"embeddable":true,"href":"https:\/\/acs.org.br\/academy\/wp-json\/wp\/v2\/comments?post=89959"}],"version-history":[{"count":0,"href":"https:\/\/acs.org.br\/academy\/wp-json\/wp\/v2\/posts\/89959\/revisions"}],"wp:attachment":[{"href":"https:\/\/acs.org.br\/academy\/wp-json\/wp\/v2\/media?parent=89959"}],"wp:term":[{"taxonomy":"category","embeddable":true,"href":"https:\/\/acs.org.br\/academy\/wp-json\/wp\/v2\/categories?post=89959"},{"taxonomy":"post_tag","embeddable":true,"href":"https:\/\/acs.org.br\/academy\/wp-json\/wp\/v2\/tags?post=89959"}],"curies":[{"name":"wp","href":"https:\/\/api.w.org\/{rel}","templated":true}]}}